{"id":1091,"date":"2014-04-07T17:47:11","date_gmt":"2014-04-07T17:47:11","guid":{"rendered":"http:\/\/www.uzxalqharakati.com\/tr\/?p=1091"},"modified":"2014-04-07T17:47:11","modified_gmt":"2014-04-07T17:47:11","slug":"kirim-nereye","status":"publish","type":"post","link":"https:\/\/www.uzerk.org\/tr\/kirim-nereye.html","title":{"rendered":"K\u0131r\u0131m Nereye?"},"content":{"rendered":"<p>Cumartesi g\u00fcn\u00fc \u201cTarihin Arka Odas\u0131\u201d program\u0131nda Murat Bardak\u00e7\u0131 ekibi yine harikalar yaratt\u0131.<\/p>\n<p>Ger\u00e7ekten efsane olan bir adam\u0131 ekranlara ta\u015f\u0131d\u0131. Hepimizin dostu ve i\u00e7inde bulundu\u011fumuz as\u0131rda en \u00f6nemli devlet adamlar\u0131ndan Ukrayna Milletvekili ve K\u0131r\u0131m \u00d6zerk Cumhuriyeti Cumhurba\u015fkan\u0131 Mustafa Abd\u00fclcemil K\u0131r\u0131mo\u011flu\u2019nu T\u00fcrkiye umumi efk\u00e2r\u0131 yak\u0131ndan tan\u0131d\u0131. Bu insana ki\u015fili\u011fi, ge\u00e7mi\u015fi ve m\u00fccadelesi ile hayran olmamak m\u00fcmk\u00fcn de\u011fildir. Kendisine y\u00f6neltilen o harika sorulara tertemiz T\u00fcrk\u00e7esi ve kendinden emin \u015fahsiyeti ile dosdo\u011fru cevaplar vermesi hayranl\u0131k duyulacak en \u00f6nemli yanlar\u0131ndand\u0131r.<\/p>\n<p>Say\u0131n Cemilo\u011flu bizden birka\u00e7 ya\u015f b\u00fcy\u00fck, t\u0131pk\u0131 bizler gibi 2.D\u00fcnya Sava\u015f\u0131 ortam\u0131n\u0131n \u00e7ileli insanlar\u0131ndand\u0131r. Daha ana kuca\u011f\u0131nda bir bebek iken Stalin\u2019in K\u0131r\u0131m Tatarlar\u0131n\u0131 toplu s\u00fcrg\u00fcn ve imha yolculu\u011funa kat\u0131lm\u0131\u015ft\u0131r. \u00c7ocukluk ve gen\u00e7lik y\u0131llar\u0131n\u0131n ge\u00e7ti\u011fi Ta\u015fkent\u2019te s\u00fcrekli izlenmi\u015f ve \u00e7e\u015fitli s\u00fcrg\u00fcnlerle bizim gen\u00e7lik y\u0131llar\u0131m\u0131zda ad\u0131 \u201c\u00d6l\u00fcye\u201d \u00e7\u0131km\u0131\u015ft\u0131r. Bu konu ile ilgili sorulanlar\u0131 \u00e7ok b\u00fcy\u00fck bir sab\u0131rla cevapland\u0131rm\u0131\u015ft\u0131r. Ayr\u0131ca kendileri gibi rejimin amans\u0131z d\u00fc\u015fman\u0131 say\u0131larak da\u011f\u0131t\u0131lan Ah\u0131ska T\u00fcrklerinin s\u0131k\u0131nt\u0131lar\u0131n\u0131 bir nebze de olsa dile getirmesi onun T\u00fcrkl\u00fck ufkunu \u00e7ok g\u00fczel ortaya koymu\u015ftur.<\/p>\n<p>K\u0131r\u0131m\u2019\u0131n Rusya\u2019ya ba\u011flanmas\u0131 mevzuunu san\u0131r\u0131m iyi anlad\u0131k. Hi\u00e7 de\u011fi\u015fmeyen \u00c7arl\u0131k-Bol\u015fevizm ve bug\u00fcnk\u00fc Rusya politikalar\u0131n\u0131 en k\u00fc\u00e7\u00fck bir eksiklik olmadan K\u0131r\u0131mo\u011flu ortaya koymu\u015ftur. Komik taraflar\u0131 bile bulunan Rus tel\u00e2\u015f\u0131n\u0131n gelece\u011finin bulunmad\u0131\u011f\u0131 husus da bizleri rahatlatm\u0131\u015ft\u0131r. E\u011fer t\u0131pk\u0131 Suriye gibi i\u015fe burnumuzu sokmazsak san\u0131r\u0131m K\u0131r\u0131m\u2019daki T\u00fcrk akl\u0131 kendilerine yetecektir. \u00d6yle \u201cStratejik Derinlik\u201d gibi bo\u015f laflarla T\u00fcrkiye tabans\u0131z ve tavans\u0131z s\u00f6ylemlerde bulunursa \u00e7ok hata yap\u0131lm\u0131\u015f olur. \u015eu andaki duruma g\u00f6re K\u0131r\u0131m\u2019da %10-15 gibi bir az\u0131nl\u0131k ve 350.000 n\u00fcfusla Tatarlar\u0131n gelece\u011fi elbette Ukrayna haklar\u0131n\u0131n korunmas\u0131 ile ancak kabildir. Tarihi hadiseler de b\u00f6yle bir politika ile \u00f6rt\u00fc\u015fmektedir. \u00c7\u00fcnk\u00fc T\u00fcrk Mo\u011fol ordular\u0131 buraya geldikleri zaman mevcut K\u0131p\u00e7ak T\u00fcrkleri ile Ukraynal\u0131lar aras\u0131nda en k\u00fc\u00e7\u00fck bir mesele bulunmuyordu. Ne zaman Moskova Knezli\u011fi burnunu sokmaya ba\u015flad\u0131 K\u0131r\u0131m ve \u0130dil-Ural\u2019da Tatarlar k\u0131r\u0131lma\u011fa ba\u015flad\u0131. K\u0131r\u0131m\u2019\u0131n imdad\u0131na Osmanl\u0131 yeti\u015fti; lakin Kazan Tatarlar\u0131 korkun\u00e7 bir k\u0131y\u0131ma u\u011frad\u0131. Kitle halinde Tatarlar Hristiyanla\u015ft\u0131r\u0131ld\u0131 ve Rus devlet b\u00fcnyesine yap\u0131\u015ft\u0131r\u0131ld\u0131. \u015eimdi b\u00fct\u00fcn Tatarlar bu i\u015fin \u015fuurundad\u0131r.<\/p>\n<p>Osmanl\u0131 K\u0131r\u0131m ile \u00e7ok oynamad\u0131 ve stat\u00fcs\u00fcne de \u00e7ok dokunmad\u0131. K\u0131r\u0131m Hanl\u0131\u011f\u0131 Osmanl\u0131l\u0131 y\u0131llarda ba\u011f\u0131ms\u0131z bir Hanl\u0131k olarak devam etti ve T\u00fcrkiye toplumu ile tam bir k\u00fclt\u00fcrel birlik sa\u011fland\u0131. Osmanl\u0131 padi\u015fahlar\u0131 K\u0131r\u0131m Tatarlar\u0131na \u00e7ok k\u0131ymet verdiler ve \u00f6zellikle sava\u015flarda yanlar\u0131ndan ay\u0131rmad\u0131lar. \u0130\u015fte b\u00f6yle bir potansiyel \u00c7arl\u0131k y\u0131llar\u0131nda dahi T\u00fcrk D\u00fcnyas\u0131n\u0131 i\u00e7ine alan Gasp\u0131ral\u0131 hareketini yaratm\u0131\u015ft\u0131r. Ve bug\u00fcnk\u00fc nesiller de kesinlikle o hareketin devam\u0131d\u0131r. Bunun da \u00f6tesinde Cumhuriyet\u2019in ilk 10 y\u0131l\u0131nda,\u00a0 Osmanl\u0131 son d\u00f6neminin devam\u0131 olarak T\u00fcrkiye\u2019deki \u201cMilliyet\u00e7ilik-T\u00fcrk\u00e7\u00fcl\u00fck\u201d d\u00fc\u015f\u00fcncelerini de Atat\u00fcrk\u2019\u00fcn \u00e7evresinde toplad\u0131\u011f\u0131 Tatar bilim adamlar\u0131na bor\u00e7luyuz. Mustafa Kemal\u2019in yak\u0131n\u0131nda bulunan Bol\u015feviklerin ilk d\u00f6nemi Kazan Tatar Cumhuriyeti Cumhurba\u015fkan\u0131 Prof. Sadri Maksudi Arsal Bey\u2019dir.<\/p>\n<p>Tatarlara kom\u015fu\u00a0 ayn\u0131 d\u00f6nemin Ba\u015fkurdistan Cumhurba\u015fkan\u0131 Prof. Zeki Velidi Togan, Prof. Akdes Nimet Kurat\u00a0 gibi \u015fahsiyetler hepimizin malumudur. Bunlar sadece Tatarlar\u0131n de\u011fil ayn\u0131 zamanda T\u00fcrkiye T\u00fcrk\u00e7\u00fclerinin de \u00e7ok sayg\u0131 g\u00f6sterdi\u011fi ve ilmi ki\u015filiklerinden faydaland\u0131\u011f\u0131 m\u00fcmtaz \u015fahsiyetlerdir. Bug\u00fcn dahi T\u00fcrk d\u00fc\u015f\u00fcnde hayat\u0131nda Tatar as\u0131ll\u0131 bilim adamlar\u0131n\u0131n T\u00fcrkl\u00fc\u011fe hizmetlerini ink\u00e2r etmek m\u00fcmk\u00fcn de\u011fildir.<\/p>\n<p>\u0130\u00e7inde bulundu\u011fumuz zamanda T\u00fcrk D\u00fcnyas\u0131n\u0131n yeg\u00e2ne eksikli\u011fi, \u00e7apl\u0131 liderlerin azl\u0131\u011f\u0131d\u0131r. S\u0131rf bu sebeplerle ger\u00e7ekten ba\u015fl\u0131 ba\u015f\u0131na bir d\u00fcnya oldu\u011fu daha iyi anla\u015f\u0131lan g\u00fcn\u00fcm\u00fczde bu ger\u00e7e\u011fi fark etmek mecburiyetindeyiz. Bat\u0131\u2019n\u0131n yapt\u0131\u011f\u0131 b\u00fct\u00fcn projeler T\u00fcrkl\u00fc\u011f\u00fc \u00e7\u00f6kertmeden Hristiyanl\u0131\u011f\u0131n alt\u0131n \u00e7a\u011fa ge\u00e7emeyece\u011fi do\u011frultusundad\u0131r. ABD\u2019li bilim adamlar\u0131 \u0130slam\u2019\u0131n temel b\u00f6lgesi olarak Suudi Arabistan ve M\u0131s\u0131r\u2019\u0131 de\u011fil \u0130stanbul-Buhara \u00e7izgisini i\u015faret ediyorlar. Son y\u00fcz y\u0131lda ABD ve Bat\u0131l\u0131lar Araplardan bir \u015fey olamayaca\u011f\u0131n\u0131 rahatl\u0131kla anlam\u0131\u015flard\u0131r. \u00dcniversitelerde te\u015fkil edilen \u201cEnstit\u00fcler\u201d har\u0131l har\u0131l \u201cT\u00fcrk M\u00fcsl\u00fcmanl\u0131\u011f\u0131\u201d \u00e7al\u0131\u015fmaktad\u0131r. Geride kalan \u0130sl\u00e2m Medeniyeti\u2019nin T\u00fcrklerle Viyana\u2019ya kadar gidi\u015fi ilmi \u00e7al\u0131\u015fmalar\u0131n konusu olup, zaman zaman bu \u00e7al\u0131\u015fmalar medyaya intikal ediyorsa da genellikle gizli \u00e7al\u0131\u015fmalar\u0131n yap\u0131ld\u0131\u011f\u0131 bilinmektedir. \u0130\u015fte \u201c\u00c7apl\u0131 liderler\u201d derken bu ger\u00e7e\u011fi ifade etmek istiyoruz. Kendilerini birka\u00e7 saat dinledikten sonra Cemilo\u011fu\u2019nun k\u00fc\u00e7\u00fck bir T\u00fcrk toplulu\u011funun temsilcisi olarak \u00e7apl\u0131 bir lider oldu\u011fu kendili\u011finden anla\u015f\u0131lm\u0131\u015ft\u0131r.<\/p>\n<p>Bardak\u00e7\u0131\u2019n\u0131n bu programda da ayran\u0131 kabard\u0131 ve Cemilo\u011flu\u2019na Turanc\u0131l\u0131\u011f\u0131 sordu. O da hi\u00e7 \u00e7ekinmeden ve dolamba\u00e7l\u0131 yollara ba\u015fvurmadan \u201d\u015eahsen ben Turanc\u0131y\u0131m ve T\u00fcrklerin k\u00fclt\u00fcrel birlikteli\u011fini \u0131srarla istiyorum\u201d kabilinden Gasp\u0131ral\u0131 ideolojisine uygun \u00e7ok g\u00fczel bir cevap verdi.<\/p>\n<p>K\u0131r\u0131m in\u015fallah k\u00f6t\u00fcye gitmiyor. Sa\u011flam ellerdedir. Tatarlar dik duruyor ve e\u011filmiyor. Allah hay\u0131rl\u0131s\u0131n\u0131 versin. Kal\u0131n sa\u011fl\u0131cakla.<\/p>\n<p><strong>Ali Bardak\u00e7i<\/strong><\/p>\n","protected":false},"excerpt":{"rendered":"<p>Cumartesi g\u00fcn\u00fc \u201cTarihin Arka Odas\u0131\u201d program\u0131nda Murat Bardak\u00e7\u0131 ekibi yine harikalar yaratt\u0131. Ger\u00e7ekten efsane olan bir adam\u0131 ekranlara ta\u015f\u0131d\u0131. Hepimizin dostu ve i\u00e7inde bulundu\u011fumuz as\u0131rda en \u00f6nemli devlet adamlar\u0131ndan Ukrayna Milletvekili ve K\u0131r\u0131m \u00d6zerk Cumhuriyeti Cumhurba\u015fkan\u0131 Mustafa Abd\u00fclcemil K\u0131r\u0131mo\u011flu\u2019nu T\u00fcrkiye umumi efk\u00e2r\u0131 yak\u0131ndan tan\u0131d\u0131. Bu insana ki\u015fili\u011fi, ge\u00e7mi\u015fi ve m\u00fccadelesi ile hayran olmamak m\u00fcmk\u00fcn de\u011fildir. [&hellip;]<\/p>\n","protected":false},"author":8,"featured_media":0,"comment_status":"open","ping_status":"open","sticky":false,"template":"","format":"standard","meta":[],"categories":[1],"tags":[],"_links":{"self":[{"href":"https:\/\/www.uzerk.org\/tr\/wp-json\/wp\/v2\/posts\/1091"}],"collection":[{"href":"https:\/\/www.uzerk.org\/tr\/wp-json\/wp\/v2\/posts"}],"about":[{"href":"https:\/\/www.uzerk.org\/tr\/wp-json\/wp\/v2\/types\/post"}],"author":[{"embeddable":true,"href":"https:\/\/www.uzerk.org\/tr\/wp-json\/wp\/v2\/users\/8"}],"replies":[{"embeddable":true,"href":"https:\/\/www.uzerk.org\/tr\/wp-json\/wp\/v2\/comments?post=1091"}],"version-history":[{"count":1,"href":"https:\/\/www.uzerk.org\/tr\/wp-json\/wp\/v2\/posts\/1091\/revisions"}],"predecessor-version":[{"id":1092,"href":"https:\/\/www.uzerk.org\/tr\/wp-json\/wp\/v2\/posts\/1091\/revisions\/1092"}],"wp:attachment":[{"href":"https:\/\/www.uzerk.org\/tr\/wp-json\/wp\/v2\/media?parent=1091"}],"wp:term":[{"taxonomy":"category","embeddable":true,"href":"https:\/\/www.uzerk.org\/tr\/wp-json\/wp\/v2\/categories?post=1091"},{"taxonomy":"post_tag","embeddable":true,"href":"https:\/\/www.uzerk.org\/tr\/wp-json\/wp\/v2\/tags?post=1091"}],"curies":[{"name":"wp","href":"https:\/\/api.w.org\/{rel}","templated":true}]}}