{"id":8571,"date":"2022-04-17T22:09:19","date_gmt":"2022-04-17T19:09:19","guid":{"rendered":"https:\/\/www.uzerk.org\/tr\/?p=8571"},"modified":"2022-04-17T22:09:58","modified_gmt":"2022-04-17T19:09:58","slug":"natodan-kritik-karar-turkiyede-korunacak","status":"publish","type":"post","link":"https:\/\/www.uzerk.org\/tr\/natodan-kritik-karar-turkiyede-korunacak.html","title":{"rendered":"NATO&#8217;dan kritik karar! T\u00fcrkiye&#8217;de korunacak"},"content":{"rendered":"\n<h2>NATO; askeri, kamu ve sivil teknoloji giri\u015fimlerini tek \u00e7at\u0131 alt\u0131nda entegre edip \u00fcye \u00fclkelerin teknolojilerini korumay\u0131 hedefleyen Savunma \u0130novasyon H\u0131zland\u0131r\u0131c\u0131s\u0131 (DIANA) projesini h\u0131zland\u0131racak. T\u00fcrkiye&#8217;deki iki tesiste 9 alanda NATO teknoloji koruma faaliyetleri y\u00fcr\u00fct\u00fclecek.<\/h2>\n\n\n\n<p>NATO&#8217;nun 24 Mart tarihinde Bel\u00e7ika&#8217;n\u0131n ba\u015fkenti Br\u00fcksel&#8217;de d\u00fczenlenen zirvesinde daha \u00f6nce onaylanan kritik bir projenin h\u0131zland\u0131r\u0131lmas\u0131 y\u00f6n\u00fcnde karar al\u0131nd\u0131. Zirvede NATO&#8217;nun en \u00f6nemli projelerinden Savunma \u0130novasyon H\u0131zland\u0131r\u0131c\u0131s\u0131 (DIANA) projesinin 2023 y\u0131l\u0131nda pilot faaliyetlerine ba\u015flamas\u0131, 2025 y\u0131l\u0131nda ise tam operasyonel faaliyetlere ge\u00e7mesine karar verildi.<\/p>\n\n\n\n<p><strong>Teknolojiler entegre ediliyor<\/strong><br>DIANA projesi temelde askeri ve h\u00fck\u00fcmete ba\u011fl\u0131 kurum ve kurulu\u015flar ile sivil teknoloji ve giri\u015fim firmalar\u0131n\u0131 birlikte \u00e7al\u0131\u015fmaya te\u015fvik ediyor. Projeyle askeri-kamusal, sivil ve akademi alandaki teknoloji geli\u015fmelerinin entegrasyonu sa\u011flanarak NATO \u00fcyesi \u00fclkelerin hem resmi ve h\u00fck\u00fcmet kurumlar\u0131n\u0131n kritik teknolojilerin hem de sivil teknoloji ve giri\u015fim firmalar\u0131n\u0131n ortak bir \u015femsiye alt\u0131nda korunmas\u0131 hedefleniyor.<\/p>\n\n\n\n<figure class=\"wp-block-image\"><a href=\"https:\/\/img.internethaber.com\/storage\/files\/images\/2022\/04\/17\/basliksiz-nFJL.jpg\"><img src=\"https:\/\/img.internethaber.com\/storage\/files\/images\/2022\/04\/17\/basliksiz-nFJL.jpg\" alt=\"\"\/><\/a><\/figure>\n\n\n\n<p><strong>Avrupa&#8217;da 50 tesis kurulacak<\/strong><br>NATO&#8217;nun resmi sitesinde yer alan bilgilere g\u00f6re proje kapsam\u0131nda ittifak \u00e7at\u0131s\u0131 alt\u0131nda farkl\u0131 \u00fclkelerde 10&#8217;dan fazla h\u0131zland\u0131r\u0131c\u0131 tesis ve 50 test merkezi kurularak savunma ve g\u00fcvenlik alanlar\u0131ndaki kritik teknoloji problemleri \u00e7\u00f6z\u00fclecek. NATO \u00fcyesi \u00fclkelerin en parlak teknoloji beyinleri ve giri\u015fimcileri bu projeye davet edilecek ve kat\u0131l\u0131mc\u0131 \u00fclkeler kendi aralar\u0131nda ortak teknoloji geli\u015ftirme ya da kullan\u0131m anla\u015fmalar\u0131 yapabilecekler.<\/p>\n\n\n\n<p><strong>B\u00fcy\u00fck faaliyetler&nbsp;<a href=\"https:\/\/www.internethaber.com\/haber\/turkiye\" target=\"_blank\" rel=\"noreferrer noopener\">T\u00fcrkiye<\/a>&#8216;de<\/strong><br>DIANA projesinde T\u00fcrkiye Bilimsel ve Teknolojik Ara\u015ft\u0131rma Kurumu Bili\u015fim ve Bilgi G\u00fcvenli\u011fi \u0130leri Teknolojiler Ara\u015ft\u0131rma Merkezi (T\u00dcB\u0130TAK B\u0130LGEM) ve Savunma Sanayii Ara\u015ft\u0131rma ve Geli\u015ftirme Enstit\u00fcs\u00fc (T\u00dcB\u0130TAK SAGE) de g\u00f6rev alacak. Kurulacak merkezlerin haritas\u0131nda T\u00fcrkiye&#8217;de 2 test merkezi ve Bolu civar\u0131nda bir h\u0131zland\u0131r\u0131c\u0131 tesisi kurulmas\u0131n\u0131n planland\u0131\u011f\u0131 g\u00f6r\u00fcl\u00fcyor.<\/p>\n\n\n\n<p>NATO&#8217;nun Avrupa kanad\u0131nda en \u00e7ok tesisin Polonya (7 tesis) ve Slovakya da (6 tesis) kurulaca\u011f\u0131, en \u00e7ok faaliyetin ise T\u00fcrkiye&#8217;de y\u00fcr\u00fct\u00fclece\u011fi g\u00f6r\u00fcl\u00fcyor. Haritadaki bilgilere g\u00f6re T\u00fcrkiye&#8217;de proje kapsam\u0131nda yapay zeka, otonom kabiliyet, bilgi toplama, bilgisayar, siber alan, biyoteknoloji, hipersonik, uzay ve kuantum alanlar\u0131nda tesis faaliyetleri y\u00fcr\u00fct\u00fclece\u011fi belirtiliyor. Haritada tesislerin tam olarak nerelerde kurulaca\u011f\u0131n\u0131n onaylanma a\u015famas\u0131nda oldu\u011fu ifade ediliyor.<\/p>\n\n\n\n<p><strong>Kaynak: <a href=\"https:\/\/www.internethaber.com\/natodan-kritik-karar-turkiyede-korunacak-2247213h.htm?utm_source=gazeteoku&amp;utm_medium=referral\">Internethaber.com<\/a><\/strong><\/p>\n","protected":false},"excerpt":{"rendered":"<p>NATO; askeri, kamu ve sivil teknoloji giri\u015fimlerini tek \u00e7at\u0131 alt\u0131nda entegre edip \u00fcye \u00fclkelerin teknolojilerini korumay\u0131 hedefleyen Savunma \u0130novasyon H\u0131zland\u0131r\u0131c\u0131s\u0131 (DIANA) projesini h\u0131zland\u0131racak. T\u00fcrkiye&#8217;deki iki tesiste 9 alanda NATO teknoloji koruma faaliyetleri y\u00fcr\u00fct\u00fclecek. NATO&#8217;nun 24 Mart tarihinde Bel\u00e7ika&#8217;n\u0131n ba\u015fkenti Br\u00fcksel&#8217;de d\u00fczenlenen zirvesinde daha \u00f6nce onaylanan kritik bir projenin h\u0131zland\u0131r\u0131lmas\u0131 y\u00f6n\u00fcnde karar al\u0131nd\u0131. Zirvede NATO&#8217;nun en [&hellip;]<\/p>\n","protected":false},"author":12,"featured_media":8572,"comment_status":"open","ping_status":"open","sticky":false,"template":"","format":"standard","meta":[],"categories":[1],"tags":[],"_links":{"self":[{"href":"https:\/\/www.uzerk.org\/tr\/wp-json\/wp\/v2\/posts\/8571"}],"collection":[{"href":"https:\/\/www.uzerk.org\/tr\/wp-json\/wp\/v2\/posts"}],"about":[{"href":"https:\/\/www.uzerk.org\/tr\/wp-json\/wp\/v2\/types\/post"}],"author":[{"embeddable":true,"href":"https:\/\/www.uzerk.org\/tr\/wp-json\/wp\/v2\/users\/12"}],"replies":[{"embeddable":true,"href":"https:\/\/www.uzerk.org\/tr\/wp-json\/wp\/v2\/comments?post=8571"}],"version-history":[{"count":3,"href":"https:\/\/www.uzerk.org\/tr\/wp-json\/wp\/v2\/posts\/8571\/revisions"}],"predecessor-version":[{"id":8575,"href":"https:\/\/www.uzerk.org\/tr\/wp-json\/wp\/v2\/posts\/8571\/revisions\/8575"}],"wp:featuredmedia":[{"embeddable":true,"href":"https:\/\/www.uzerk.org\/tr\/wp-json\/wp\/v2\/media\/8572"}],"wp:attachment":[{"href":"https:\/\/www.uzerk.org\/tr\/wp-json\/wp\/v2\/media?parent=8571"}],"wp:term":[{"taxonomy":"category","embeddable":true,"href":"https:\/\/www.uzerk.org\/tr\/wp-json\/wp\/v2\/categories?post=8571"},{"taxonomy":"post_tag","embeddable":true,"href":"https:\/\/www.uzerk.org\/tr\/wp-json\/wp\/v2\/tags?post=8571"}],"curies":[{"name":"wp","href":"https:\/\/api.w.org\/{rel}","templated":true}]}}