{"id":8576,"date":"2022-04-22T21:42:49","date_gmt":"2022-04-22T18:42:49","guid":{"rendered":"https:\/\/www.uzerk.org\/tr\/?p=8576"},"modified":"2022-04-22T21:42:51","modified_gmt":"2022-04-22T18:42:51","slug":"orta-asyada-bir-ilk-ozbekistan-insansiz-hava-araci-uretmeye-basladi","status":"publish","type":"post","link":"https:\/\/www.uzerk.org\/tr\/orta-asyada-bir-ilk-ozbekistan-insansiz-hava-araci-uretmeye-basladi.html","title":{"rendered":"Orta Asya\u2019da Bir \u0130lk: \u00d6zbekistan insans\u0131z hava arac\u0131 \u00fcretmeye ba\u015flad\u0131"},"content":{"rendered":"\n<p>\u00d6zbekistan Cumhuriyeti Savunma Sanayii Devlet Komitesi Bas\u0131n Servisi, \u015eubat ay\u0131ndan itibaren \u00fclkede insans\u0131z hava ara\u00e7lar\u0131 \u00fcretimine ba\u015fland\u0131\u011f\u0131n\u0131 duyurdu.<\/p>\n\n\n\n<p>Habere g\u00f6re, insans\u0131z hava ara\u00e7lar\u0131 i\u00e7in ara\u015ft\u0131rma ve \u00fcretim merkezi kuruldu. Merkezde, uluslararas\u0131 teknik standartlara uygun olarak tasarlanan ve Lochin (\u015eahin) ad\u0131 verilen insans\u0131z hava arac\u0131 \u00fcretimine ba\u015fland\u0131.<\/p>\n\n\n\n<p>\u00d6zelikle ke\u015fif, g\u00f6zetleme, istihbarat, haritalama ve topo\u011frafik ara\u015ft\u0131rmalar amac\u0131yla \u00fcretilecek olan yerli \u0130HA\u2019lar, petrol ve gaz, ormanc\u0131l\u0131k, demiryollar\u0131 ve jeoloji alanlar\u0131nda da kullan\u0131lacak. Di\u011fer yandan, merkezde insans\u0131z havac\u0131l\u0131k end\u00fcstrisinin geli\u015ftirilmesi i\u00e7in ara\u015ft\u0131rma ve geli\u015ftirme \u00e7al\u0131\u015fmalar\u0131 y\u00fcr\u00fct\u00fcl\u00fcyor.<\/p>\n\n\n\n<p>Lo\u00e7in insans\u0131z hava arac\u0131n\u0131n Orta Asya b\u00f6lgesinde ilk olarak \u00d6zbekistan\u2019da geli\u015ftirildi\u011fi ve piyasaya s\u00fcr\u00fcld\u00fc\u011f\u00fc bildirildi.<\/p>\n\n\n\n<p><strong>Kaynak: <a href=\"https:\/\/orasam.manas.edu.kg\/index.php\/tr\/ozbekistan\/5210-zbekistan-da-iha-retimi-ba-ladi%20\">ORASAM<\/a><\/strong><\/p>\n","protected":false},"excerpt":{"rendered":"<p>\u00d6zbekistan Cumhuriyeti Savunma Sanayii Devlet Komitesi Bas\u0131n Servisi, \u015eubat ay\u0131ndan itibaren \u00fclkede insans\u0131z hava ara\u00e7lar\u0131 \u00fcretimine ba\u015fland\u0131\u011f\u0131n\u0131 duyurdu. Habere g\u00f6re, insans\u0131z hava ara\u00e7lar\u0131 i\u00e7in ara\u015ft\u0131rma ve \u00fcretim merkezi kuruldu. Merkezde, uluslararas\u0131 teknik standartlara uygun olarak tasarlanan ve Lochin (\u015eahin) ad\u0131 verilen insans\u0131z hava arac\u0131 \u00fcretimine ba\u015fland\u0131. \u00d6zelikle ke\u015fif, g\u00f6zetleme, istihbarat, haritalama ve topo\u011frafik ara\u015ft\u0131rmalar amac\u0131yla [&hellip;]<\/p>\n","protected":false},"author":12,"featured_media":8577,"comment_status":"open","ping_status":"open","sticky":false,"template":"","format":"standard","meta":[],"categories":[1],"tags":[],"_links":{"self":[{"href":"https:\/\/www.uzerk.org\/tr\/wp-json\/wp\/v2\/posts\/8576"}],"collection":[{"href":"https:\/\/www.uzerk.org\/tr\/wp-json\/wp\/v2\/posts"}],"about":[{"href":"https:\/\/www.uzerk.org\/tr\/wp-json\/wp\/v2\/types\/post"}],"author":[{"embeddable":true,"href":"https:\/\/www.uzerk.org\/tr\/wp-json\/wp\/v2\/users\/12"}],"replies":[{"embeddable":true,"href":"https:\/\/www.uzerk.org\/tr\/wp-json\/wp\/v2\/comments?post=8576"}],"version-history":[{"count":1,"href":"https:\/\/www.uzerk.org\/tr\/wp-json\/wp\/v2\/posts\/8576\/revisions"}],"predecessor-version":[{"id":8578,"href":"https:\/\/www.uzerk.org\/tr\/wp-json\/wp\/v2\/posts\/8576\/revisions\/8578"}],"wp:featuredmedia":[{"embeddable":true,"href":"https:\/\/www.uzerk.org\/tr\/wp-json\/wp\/v2\/media\/8577"}],"wp:attachment":[{"href":"https:\/\/www.uzerk.org\/tr\/wp-json\/wp\/v2\/media?parent=8576"}],"wp:term":[{"taxonomy":"category","embeddable":true,"href":"https:\/\/www.uzerk.org\/tr\/wp-json\/wp\/v2\/categories?post=8576"},{"taxonomy":"post_tag","embeddable":true,"href":"https:\/\/www.uzerk.org\/tr\/wp-json\/wp\/v2\/tags?post=8576"}],"curies":[{"name":"wp","href":"https:\/\/api.w.org\/{rel}","templated":true}]}}