{"id":8580,"date":"2022-06-06T13:29:03","date_gmt":"2022-06-06T10:29:03","guid":{"rendered":"https:\/\/www.uzerk.org\/tr\/?p=8580"},"modified":"2022-06-06T13:29:05","modified_gmt":"2022-06-06T10:29:05","slug":"turkeyden-turkiyeye-gecis-ingilterede-gundem-oldu-erdogan-dedigini-yapti","status":"publish","type":"post","link":"https:\/\/www.uzerk.org\/tr\/turkeyden-turkiyeye-gecis-ingilterede-gundem-oldu-erdogan-dedigini-yapti.html","title":{"rendered":"Turkey&#8217;den T\u00fcrkiye&#8217;ye ge\u00e7i\u015f \u0130ngiltere&#8217;de g\u00fcndem oldu: Erdo\u011fan dedi\u011fini yapt\u0131"},"content":{"rendered":"\n<h2>Yabanc\u0131 dillerde &#8216;T\u00fcrkiye&#8217; ismine d\u00f6n\u00fc\u015f \u0130ngiltere bas\u0131n\u0131ndan The Guardian taraf\u0131ndan g\u00fcndeme getirildi. De\u011fi\u015fimle ilgili, &#8220;T\u00fcrkiye Cumhurba\u015fkan\u0131 Recep Tayyip Erdo\u011fan&#8217;\u0131n Bat\u0131l\u0131la\u015fm\u0131\u015f isimden kurtulmak istedi\u011fi s\u00f6yleniyor&#8221; denildi.<\/h2>\n\n\n\n<p>Birle\u015fmi\u015f Milletler (BM) uluslararas\u0131 alanda &#8216;Turkey&#8217; \u015feklinde an\u0131lan \u00fclkemizin ismini Ankara&#8217;n\u0131n talebi \u00fczerine &#8216;T\u00fcrkiye&#8217; olarak de\u011fi\u015ftirdi. D\u00fcnya Ticaret \u00d6rg\u00fct\u00fc (DT\u00d6) ve BM G\u00fcvenlik Konseyinde (BMGK) &#8216;Turkey&#8217; yerine ilk kez &#8216;T\u00fcrkiye&#8217; kullan\u0131ld\u0131.<\/p>\n\n\n\n<p>\u0130ngiltere bas\u0131n\u0131ndan The Guardian gazetesinde T\u00fcrkiye&#8217;nin isim de\u011fi\u015fikli\u011fini inceleyen bir makale yay\u0131nland\u0131. Yaz\u0131da,&nbsp;&#8220;T\u00fcrkiye&#8217;nin yeniden markala\u015fma karar\u0131 as\u0131rl\u0131k bir fikir. \u0130ngiltere bir g\u00fcn ad\u0131n\u0131 de\u011fi\u015ftirmek zorunda kalabilir mi?&#8221;&nbsp;denildi.<\/p>\n\n\n\n<p><strong>&#8220;Erdo\u011fan, Bat\u0131l\u0131la\u015fm\u0131\u015f isimden kurtulmak istiyor&#8221;<\/strong><br>S\u00f6z konusu yaz\u0131da,&nbsp;&#8220;T\u00fcrkiye Cumhurba\u015fkan\u0131&nbsp;<a href=\"https:\/\/www.internethaber.com\/haber\/recep-tayyip-erdogan\" target=\"_blank\" rel=\"noreferrer noopener\">Recep Tayyip Erdo\u011fan<\/a>&#8216;a g\u00f6re bir isimde \u00e7ok \u015fey var. Erdo\u011fan&#8217;\u0131n Bat\u0131l\u0131la\u015fm\u0131\u015f ve \u0130ngilizcele\u015ftirilmi\u015f isimden kurtulmak istedi\u011fi s\u00f6yleniyor&#8221;&nbsp;ifadeleri kullan\u0131ld\u0131.&nbsp;Her yerde oldu\u011fu gibi Ankara&#8217;da da kimli\u011fin &#8216;her \u015fey&#8217; oldu\u011funa vurgu yap\u0131ld\u0131.<\/p>\n\n\n\n<p>\u0130stanbul, New York, St Petersburg ve Mumbai gibi d\u00fcnyan\u0131n \u00f6nde gelen \u015fehirlerinin k\u00f6klerine ve de\u011fi\u015fen kimliklerine g\u00f6re tekrar markala\u015ft\u0131\u011f\u0131 belirtildi. Ayn\u0131 yaz\u0131da,\u00a0&#8220;Birle\u015fik Krall\u0131k, Erdo\u011fan&#8217;\u0131 \u00f6rnek almal\u0131 m\u0131? \u0130sko\u00e7ya, oradan ayr\u0131l\u0131rsa art\u0131k &#8216;birle\u015fik&#8217; olmayacak. B\u00fcy\u00fck Britanya, K\u00fc\u00e7\u00fck \u0130ngiltere&#8217;ye d\u00f6n\u00fc\u015f\u00fcrken yeni bir isim \u015fart olabilir. Brexitannia&#8217;ya ne dersiniz?&#8221;\u00a0ifadeleri kullan\u0131ld\u0131.<\/p>\n\n\n\n<p><strong>Kaynak: \u0130nternethaber<\/strong><\/p>\n","protected":false},"excerpt":{"rendered":"<p>Yabanc\u0131 dillerde &#8216;T\u00fcrkiye&#8217; ismine d\u00f6n\u00fc\u015f \u0130ngiltere bas\u0131n\u0131ndan The Guardian taraf\u0131ndan g\u00fcndeme getirildi. De\u011fi\u015fimle ilgili, &#8220;T\u00fcrkiye Cumhurba\u015fkan\u0131 Recep Tayyip Erdo\u011fan&#8217;\u0131n Bat\u0131l\u0131la\u015fm\u0131\u015f isimden kurtulmak istedi\u011fi s\u00f6yleniyor&#8221; denildi. Birle\u015fmi\u015f Milletler (BM) uluslararas\u0131 alanda &#8216;Turkey&#8217; \u015feklinde an\u0131lan \u00fclkemizin ismini Ankara&#8217;n\u0131n talebi \u00fczerine &#8216;T\u00fcrkiye&#8217; olarak de\u011fi\u015ftirdi. D\u00fcnya Ticaret \u00d6rg\u00fct\u00fc (DT\u00d6) ve BM G\u00fcvenlik Konseyinde (BMGK) &#8216;Turkey&#8217; yerine ilk kez &#8216;T\u00fcrkiye&#8217; [&hellip;]<\/p>\n","protected":false},"author":12,"featured_media":8581,"comment_status":"open","ping_status":"open","sticky":false,"template":"","format":"standard","meta":[],"categories":[1],"tags":[],"_links":{"self":[{"href":"https:\/\/www.uzerk.org\/tr\/wp-json\/wp\/v2\/posts\/8580"}],"collection":[{"href":"https:\/\/www.uzerk.org\/tr\/wp-json\/wp\/v2\/posts"}],"about":[{"href":"https:\/\/www.uzerk.org\/tr\/wp-json\/wp\/v2\/types\/post"}],"author":[{"embeddable":true,"href":"https:\/\/www.uzerk.org\/tr\/wp-json\/wp\/v2\/users\/12"}],"replies":[{"embeddable":true,"href":"https:\/\/www.uzerk.org\/tr\/wp-json\/wp\/v2\/comments?post=8580"}],"version-history":[{"count":1,"href":"https:\/\/www.uzerk.org\/tr\/wp-json\/wp\/v2\/posts\/8580\/revisions"}],"predecessor-version":[{"id":8582,"href":"https:\/\/www.uzerk.org\/tr\/wp-json\/wp\/v2\/posts\/8580\/revisions\/8582"}],"wp:featuredmedia":[{"embeddable":true,"href":"https:\/\/www.uzerk.org\/tr\/wp-json\/wp\/v2\/media\/8581"}],"wp:attachment":[{"href":"https:\/\/www.uzerk.org\/tr\/wp-json\/wp\/v2\/media?parent=8580"}],"wp:term":[{"taxonomy":"category","embeddable":true,"href":"https:\/\/www.uzerk.org\/tr\/wp-json\/wp\/v2\/categories?post=8580"},{"taxonomy":"post_tag","embeddable":true,"href":"https:\/\/www.uzerk.org\/tr\/wp-json\/wp\/v2\/tags?post=8580"}],"curies":[{"name":"wp","href":"https:\/\/api.w.org\/{rel}","templated":true}]}}