{"id":8605,"date":"2022-09-07T05:52:12","date_gmt":"2022-09-07T02:52:12","guid":{"rendered":"https:\/\/www.uzerk.org\/tr\/?p=8605"},"modified":"2022-09-07T05:52:13","modified_gmt":"2022-09-07T02:52:13","slug":"meral-aksener-suriyeli-siginmacilarla-ilgili-planini-acikladi-hepsinin-gonderilecegi-tarih","status":"publish","type":"post","link":"https:\/\/www.uzerk.org\/tr\/meral-aksener-suriyeli-siginmacilarla-ilgili-planini-acikladi-hepsinin-gonderilecegi-tarih.html","title":{"rendered":"Meral Ak\u015fener Suriyeli s\u0131\u011f\u0131nmac\u0131larla ilgili plan\u0131n\u0131 a\u00e7\u0131klad\u0131 hepsinin g\u00f6nderilece\u011fi tarih"},"content":{"rendered":"\n<p>\u0130Y\u0130 Parti Genel Ba\u015fkan\u0131 Meral Ak\u015fener, partisinin s\u0131\u011f\u0131nmac\u0131larla ilgili eylem plan\u0131n\u0131 a\u00e7\u0131klad\u0131. Ak\u015fener, &#8220;1 Eyl\u00fcl 2026&#8217;da iktidar\u0131m\u0131z\u0131n 3&#8217;\u00fcnc\u00fc y\u0131l\u0131n\u0131n sonunda t\u00fcm Suriyeli s\u0131\u011f\u0131nmac\u0131lar\u0131 memleketlerine kavu\u015fturmu\u015f olaca\u011f\u0131z.&#8221; dedi.<\/p>\n\n\n\n<p>Ak\u015fener, partisince bir otelde d\u00fczenlenen &#8220;G\u00f6\u00e7 Doktrini ve Stratejik Eylem Plan\u0131&#8221; tan\u0131t\u0131m toplant\u0131s\u0131nda, bug\u00fcn T\u00fcrkiye&#8217;de, &#8220;en d\u00fc\u015f\u00fck rakamlara dayal\u0131 iyimser tahminle&#8221;, 3 milyon 654 bin 257 Suriyeli s\u0131\u011f\u0131nmac\u0131 bulundu\u011funu s\u00f6yledi.<\/p>\n\n\n\n<p>Di\u011fer \u00fclke uyruklu 650 bin civar\u0131nda s\u0131\u011f\u0131nmac\u0131 ve m\u00fcracaat\u00e7\u0131 ile tahmini 3 milyon 500 bin ka\u00e7ak dahil T\u00fcrkiye&#8217;de ya\u015famaya devam eden en az 8 milyon s\u0131\u011f\u0131nmac\u0131 ve ka\u00e7ak g\u00f6\u00e7men bulundu\u011funu savunan Ak\u015fener, &#8220;2021 Eyl\u00fcl ay\u0131ndan beri T\u00fcrkiye&#8217;ye ka\u00e7ak giri\u015f yapan Afgan k\u00f6kenli g\u00f6\u00e7menler ise haklar\u0131nda hi\u00e7bir veri bulunmad\u0131\u011f\u0131 i\u00e7in bu hesaplamaya dahil de\u011fil. Yine de bu say\u0131, BM&#8217;nin tan\u0131d\u0131\u011f\u0131 193 \u00fclkenin 91&#8217;inin n\u00fcfusundan daha fazla.&#8221; diye konu\u015ftu.<\/p>\n\n\n\n<h3>S\u0131\u011f\u0131nmac\u0131lar i\u00e7in 3 y\u0131l s\u00fcre<\/h3>\n\n\n\n<p>\u0130\u00e7i\u015fleri Bakanl\u0131\u011f\u0131na atand\u0131\u011f\u0131 1996&#8217;da, daha bug\u00fcnk\u00fc durumlar yokken g\u00f6\u00e7le ilgili brifing ald\u0131\u011f\u0131n\u0131 aktaran Ak\u015fener, s\u00f6zlerini \u015f\u00f6yle tamamlad\u0131:<\/p>\n\n\n\n<p>&#8220;\u015eimdi, AK Parti&#8217;den \u00f6nce her iktidar\u0131n \u00f6zenle uygulad\u0131\u011f\u0131 bir devlet politikas\u0131, AK Parti taraf\u0131ndan terk edildi. Bug\u00fcn geldi\u011fimiz noktada art\u0131k s\u0131\u011f\u0131nmac\u0131lar i\u00e7in kaynak \u00fclke Suriye, hendek \u00fclke T\u00fcrkiye, hedef \u00fclkeler Avrupa haline gelmi\u015f durumda. \u0130Y\u0130 Parti iktidar\u0131nda, Suriyeli s\u0131\u011f\u0131nmac\u0131lar\u0131n her hal ve \u015fartta, m\u00fcmk\u00fcn olan en makul s\u00fcrede, biz bunu 3 y\u0131l olarak \u00f6ng\u00f6r\u00fcyoruz, \u00fclkelerine d\u00f6nmelerini sa\u011flamak hedefimiz eylem plan\u0131m\u0131zda yer al\u0131yor. 1 Eyl\u00fcl 2026&#8217;da iktidar\u0131m\u0131z\u0131n 3&#8217;\u00fcnc\u00fc y\u0131l\u0131n\u0131n sonunda t\u00fcm Suriyeli s\u0131\u011f\u0131nmac\u0131lar\u0131 memleketlerine kavu\u015fturmu\u015f olaca\u011f\u0131z.&#8221;<\/p>\n\n\n\n<h3>Eylem Plan\u0131<\/h3>\n\n\n\n<p>Toplant\u0131da, G\u00f6\u00e7 Doktrini ve Stratejik Eylem Plan\u0131&#8217;n\u0131n ayr\u0131nt\u0131lar\u0131, \u0130Y\u0130 Parti Milli G\u00fcvenlik Politikalar Ba\u015fkan\u0131 Tolga Akal\u0131n taraf\u0131ndan aktar\u0131ld\u0131.<\/p>\n\n\n\n<p>Mevcut durumu \u00f6zetleyen Akal\u0131n, T\u00fcrkiye Cumhuriyeti&#8217;nin demografik yap\u0131s\u0131n\u0131 ve T\u00fcrk kimli\u011fini korumak amac\u0131yla Milli G\u00f6\u00e7 Doktrini&#8217;ni haz\u0131rlad\u0131klar\u0131n\u0131 s\u00f6yledi.<\/p>\n\n\n\n<p>Koruma kapsam\u0131ndaki Suriyeli s\u0131\u011f\u0131nmac\u0131lar\u0131n her hal ve \u015fartta, m\u00fcmk\u00fcn olan en makul s\u00fcrede \u00fclkelerine d\u00f6nmelerini sa\u011flayacaklar\u0131n\u0131 belirten Akal\u0131n, bu makul s\u00fcreyi 3 y\u0131l olarak tan\u0131mlad\u0131.<\/p>\n\n\n\n<p>\u0130ktidar olmalar\u0131 durumunda ilk g\u00fcn, ilk ay ve ilk y\u0131lda atacaklar\u0131 ad\u0131mlar\u0131 anlatan Akal\u0131n, Suriye ile ikili ili\u015fkilerin normalle\u015fmesi ve i\u015f birli\u011fi alanlar\u0131n\u0131n geni\u015fletilmesinin hedeflenece\u011fini kaydetti.<\/p>\n\n\n\n<p><strong>Kaynak: \u0130nternethaber<\/strong><\/p>\n","protected":false},"excerpt":{"rendered":"<p>\u0130Y\u0130 Parti Genel Ba\u015fkan\u0131 Meral Ak\u015fener, partisinin s\u0131\u011f\u0131nmac\u0131larla ilgili eylem plan\u0131n\u0131 a\u00e7\u0131klad\u0131. Ak\u015fener, &#8220;1 Eyl\u00fcl 2026&#8217;da iktidar\u0131m\u0131z\u0131n 3&#8217;\u00fcnc\u00fc y\u0131l\u0131n\u0131n sonunda t\u00fcm Suriyeli s\u0131\u011f\u0131nmac\u0131lar\u0131 memleketlerine kavu\u015fturmu\u015f olaca\u011f\u0131z.&#8221; dedi. Ak\u015fener, partisince bir otelde d\u00fczenlenen &#8220;G\u00f6\u00e7 Doktrini ve Stratejik Eylem Plan\u0131&#8221; tan\u0131t\u0131m toplant\u0131s\u0131nda, bug\u00fcn T\u00fcrkiye&#8217;de, &#8220;en d\u00fc\u015f\u00fck rakamlara dayal\u0131 iyimser tahminle&#8221;, 3 milyon 654 bin 257 Suriyeli s\u0131\u011f\u0131nmac\u0131 [&hellip;]<\/p>\n","protected":false},"author":12,"featured_media":8606,"comment_status":"open","ping_status":"open","sticky":false,"template":"","format":"standard","meta":[],"categories":[1],"tags":[],"_links":{"self":[{"href":"https:\/\/www.uzerk.org\/tr\/wp-json\/wp\/v2\/posts\/8605"}],"collection":[{"href":"https:\/\/www.uzerk.org\/tr\/wp-json\/wp\/v2\/posts"}],"about":[{"href":"https:\/\/www.uzerk.org\/tr\/wp-json\/wp\/v2\/types\/post"}],"author":[{"embeddable":true,"href":"https:\/\/www.uzerk.org\/tr\/wp-json\/wp\/v2\/users\/12"}],"replies":[{"embeddable":true,"href":"https:\/\/www.uzerk.org\/tr\/wp-json\/wp\/v2\/comments?post=8605"}],"version-history":[{"count":1,"href":"https:\/\/www.uzerk.org\/tr\/wp-json\/wp\/v2\/posts\/8605\/revisions"}],"predecessor-version":[{"id":8607,"href":"https:\/\/www.uzerk.org\/tr\/wp-json\/wp\/v2\/posts\/8605\/revisions\/8607"}],"wp:featuredmedia":[{"embeddable":true,"href":"https:\/\/www.uzerk.org\/tr\/wp-json\/wp\/v2\/media\/8606"}],"wp:attachment":[{"href":"https:\/\/www.uzerk.org\/tr\/wp-json\/wp\/v2\/media?parent=8605"}],"wp:term":[{"taxonomy":"category","embeddable":true,"href":"https:\/\/www.uzerk.org\/tr\/wp-json\/wp\/v2\/categories?post=8605"},{"taxonomy":"post_tag","embeddable":true,"href":"https:\/\/www.uzerk.org\/tr\/wp-json\/wp\/v2\/tags?post=8605"}],"curies":[{"name":"wp","href":"https:\/\/api.w.org\/{rel}","templated":true}]}}