{"id":8608,"date":"2022-09-13T21:42:20","date_gmt":"2022-09-13T18:42:20","guid":{"rendered":"https:\/\/www.uzerk.org\/tr\/?p=8608"},"modified":"2022-09-13T21:43:15","modified_gmt":"2022-09-13T18:43:15","slug":"30-milyon-uygur-olume-terk-edilmis-durumda","status":"publish","type":"post","link":"https:\/\/www.uzerk.org\/tr\/30-milyon-uygur-olume-terk-edilmis-durumda.html","title":{"rendered":"30 M\u0130LYON UYGUR \u00d6L\u00dcME TERK ED\u0130LM\u0130\u015e DURUMDA"},"content":{"rendered":"\n<p>T\u00dcRK\u0130YE UYGURLARIN FERYADINA KULAK VERMEL\u0130D\u0130R<\/p>\n\n\n\n<p>T.C. D\u0131\u015fi\u015fleri Bakanl\u0131\u011f\u0131\u2019n\u0131n resmi sayfas\u0131nda; D\u0131\u015fi\u015fleri Bakanl\u0131\u011f\u0131 s\u00f6zc\u00fcs\u00fc Tanju Bilgi\u00e7\u2019in \u00c7HC\u2019ne ba\u011fl\u0131 Uygur \u00d6zerk B\u00f6lgesi\u2019ndeki insan haklar\u0131 durumuna ili\u015fkin olarak BM \u0130nsan Haklar\u0131 Y\u00fcksek Komiserli\u011fi taraf\u0131ndan yay\u0131nlanan rapor hakk\u0131ndaki soruya verdi\u011fi cevap, T\u00fcrkiye\u2019nin Uygur T\u00fcrkleri\u2019nin durumuna y\u00f6nelik geli\u015fmeleri endi\u015fe ile takip etti\u011fini g\u00f6stermektedir.<\/p>\n\n\n\n<p>Ge\u00e7en hafta g\u00f6revi sona eren BM \u0130nsan Haklar\u0131 Komiseri\u2019nin Do\u011fu T\u00fcrkistan \u00d6zerk B\u00f6lgesi\u2019ne yapt\u0131\u011f\u0131 ziyaret ile ilgili y\u00f6netilen soruyu cevaplayan D\u0131\u015fi\u015fleri S\u00f6zc\u00fcs\u00fc Bilgi\u00e7, \u201cUygur T\u00fcrkleri\u2019nin refah ve huzur i\u00e7inde ya\u015famalar\u0131na, temel hak ve \u00f6zg\u00fcrl\u00fcklerin korunmas\u0131na ili\u015fkin T\u00fcrkiye\u2019nin beklenti ve hassasiyetlerini\u201d bir kez daha vurgulam\u0131\u015f olmas\u0131, \u015f\u00fcphesiz diasporadaki Do\u011fu T\u00fcrkistanl\u0131lar\u0131 memnun etmi\u015ftir.<\/p>\n\n\n\n<p>\u201cBM \u0130nsan Haklar\u0131 Komiserli\u011fi\u2019nin Uygur \u00d6zerk B\u00f6lgesi\u2019ndeki duruma dair ahiren yay\u0131mlanan raporu, B\u00f6lge\u2019de ya\u015fayan Uygur T\u00fcrkleri ve di\u011fer M\u00fcsl\u00fcman az\u0131nl\u0131klara ili\u015fkin \u00fclkemiz ve uluslararas\u0131 kamuoyunda dile getirilen endi\u015feleri teyid eder niteliktedir. Bu bak\u0131mdan raporun i\u00e7erdi\u011fi tespit ve de\u011ferlendirmelerin dikkate al\u0131nmas\u0131 \u00f6nem ta\u015f\u0131maktad\u0131r.\u201d diyen D\u0131\u015fi\u015fleri s\u00f6zc\u00fcs\u00fc Tanju Bilgi\u00e7 a\u00e7\u0131klamas\u0131n\u0131 \u015fu \u015fekilde tamamlam\u0131\u015ft\u0131r :<\/p>\n\n\n\n<p>UYGURLARIN HAKLARININ KORUNMASI, T\u00dcRK\u0130YE\u2019N\u0130N VAZ\u0130FES\u0130D\u0130R<br>\u201cUygur T\u00fcrkleri\u2019nin refah ve huzur i\u00e7inde ya\u015famalar\u0131na, temel hak ve \u00f6zg\u00fcrl\u00fcklerinin korunmas\u0131na ili\u015fkin beklenti ve hassasiyetlerimiz gerek \u00c7in Halk Cumhuriyeti makamlar\u0131yla ikili d\u00fczeydeki temaslar\u0131m\u0131zda, gerek Birle\u015fmi\u015f Milletler ba\u015fta olmak \u00fczere uluslararas\u0131 platformlarda vurgulanmaktad\u0131r. Nitekim \u00c7in Halk Cumhuriyeti\u2019nin daveti \u00fczerine \u00fclkemizden bir heyetin ve ayr\u0131ca Pekin B\u00fcy\u00fckel\u00e7imizin Uygur \u00d6zerk B\u00f6lgesi\u2019ni ziyaretleri bir s\u00fcredir g\u00fcndemdedir. Ziyaretlerin anlaml\u0131, kapsaml\u0131 ve engelsiz olarak yap\u0131lmas\u0131na y\u00f6nelik beklentilerimiz kar\u015f\u0131land\u0131\u011f\u0131 takdirde s\u00f6z konusu ziyaretler ger\u00e7ekle\u015ftirilebilecektir.\u201d<br>\u2014\u2014\u2014<br>UYGUR RAPORUNUN YAYINLANMASI 8 AY GEC\u0130KT\u0130R\u0130LD\u0130<br>Uygurlara y\u00f6nelik insan hakk\u0131 ihlaleriyle ilgili iddialar\u0131 ve toplama ve ceza kamplar\u0131ndaki bask\u0131lar\u0131 yerinde g\u00f6rmek \u00fczere Do\u011fu T\u00fcrkistan b\u00f6lgesine giden \u0130nsan Haklar\u0131 Y\u00fcksek Komiseri Michelle Bachelet\u2019in, ziyaretten 8 ay sonra, g\u00f6rev s\u00fcresi bitimine dakikalar kala ziyaret ile ilgili 48 sayfal\u0131k raporu a\u00e7\u0131klamas\u0131, hemen hemen ayn\u0131 anda \u00c7in H\u00fck\u00fcmeti\u2019nin rapora cevabi a\u00e7\u0131klmas\u0131n\u0131n kamuoyu ile payla\u015f\u0131lmas\u0131 raporun \u00c7inlileri \u00e7ok fazla s\u0131k\u0131nt\u0131ya sokmayacak \u015fekilde yumu\u015fat\u0131ld\u0131\u011f\u0131n\u0131 g\u00f6steriyor.<br>\u2014<br>UYGURLARIN DURUMU END\u0130\u015eE VER\u0130C\u0130<br>48 sayfal\u0131k raporda, keyfi g\u00f6zalt\u0131na al\u0131nmalar, ter\u00f6r ve a\u015f\u0131r\u0131c\u0131l\u0131kla m\u00fccadele ad\u0131 alt\u0131nda ciddi insan haklar\u0131 ihlalleri, yeniden e\u011fitim kamplar\u0131nda tutulanlara y\u00f6nelik endi\u015fe verici i\u015fkence, k\u00f6t\u00fc muamele ve zorunlu t\u0131bbi tedavi gibi uygulamalara ili\u015fkin g\u00fcvenilir raporlar bulundu\u011fu belirtilmi\u015fti.<br>Raporda, hak ihlallerinin dayand\u0131r\u0131ld\u0131\u011f\u0131 ter\u00f6rle m\u00fccadele kanunlar\u0131n\u0131n sorunlu oldu\u011fu ve yetkililere geni\u015f yetkiler tan\u0131d\u0131\u011f\u0131 ifadeleri yer alm\u0131\u015ft\u0131.<\/p>\n\n\n\n<p>T\u00dcRK\u0130YE DEVREDE OLMALI<br>Do\u011fu T\u00fcrkistan b\u00f6lgesinden hi\u00e7 de i\u00e7 a\u00e7\u0131c\u0131 haberler gelmiyor. \u0130nsanlar \u015fimdi de vir\u00fcs bahanesiyle evlerinde ya\u015famaya a\u00e7 kalmaya makum edilerek \u00f6l\u00fcme terk ediliyor. Do\u011fu T\u00fcrkistan\u2019\u0131n Kazakistan s\u0131n\u0131r\u0131na yak\u0131n yerdeki en \u00f6nemli \u015fehirlerden olan Gulca \u015fehri tamamen toplama kamp\u0131na \u00e7evrilmi\u015f durumda. On binlerce insan a\u00e7l\u0131kla terbiye ediliyor. Adeta \u00f6l\u00fcme mahkum edilmi\u015f durumda. T\u00fcrkiye H\u00fck\u00fcmeti\u2019nin Cumhurba\u015fkanl\u0131\u011f\u0131 seviyesinde devreye girmesi gerekiyor. B\u00f6lgeye acil insani yard\u0131m heyeti g\u00f6nderilmelidir.<\/p>\n\n\n\n<p><strong>\u0130smail CENG\u0130Z<\/strong><\/p>\n","protected":false},"excerpt":{"rendered":"<p>T\u00dcRK\u0130YE UYGURLARIN FERYADINA KULAK VERMEL\u0130D\u0130R T.C. D\u0131\u015fi\u015fleri Bakanl\u0131\u011f\u0131\u2019n\u0131n resmi sayfas\u0131nda; D\u0131\u015fi\u015fleri Bakanl\u0131\u011f\u0131 s\u00f6zc\u00fcs\u00fc Tanju Bilgi\u00e7\u2019in \u00c7HC\u2019ne ba\u011fl\u0131 Uygur \u00d6zerk B\u00f6lgesi\u2019ndeki insan haklar\u0131 durumuna ili\u015fkin olarak BM \u0130nsan Haklar\u0131 Y\u00fcksek Komiserli\u011fi taraf\u0131ndan yay\u0131nlanan rapor hakk\u0131ndaki soruya verdi\u011fi cevap, T\u00fcrkiye\u2019nin Uygur T\u00fcrkleri\u2019nin durumuna y\u00f6nelik geli\u015fmeleri endi\u015fe ile takip etti\u011fini g\u00f6stermektedir. Ge\u00e7en hafta g\u00f6revi sona eren BM \u0130nsan [&hellip;]<\/p>\n","protected":false},"author":12,"featured_media":8609,"comment_status":"open","ping_status":"open","sticky":false,"template":"","format":"standard","meta":[],"categories":[9,1],"tags":[],"_links":{"self":[{"href":"https:\/\/www.uzerk.org\/tr\/wp-json\/wp\/v2\/posts\/8608"}],"collection":[{"href":"https:\/\/www.uzerk.org\/tr\/wp-json\/wp\/v2\/posts"}],"about":[{"href":"https:\/\/www.uzerk.org\/tr\/wp-json\/wp\/v2\/types\/post"}],"author":[{"embeddable":true,"href":"https:\/\/www.uzerk.org\/tr\/wp-json\/wp\/v2\/users\/12"}],"replies":[{"embeddable":true,"href":"https:\/\/www.uzerk.org\/tr\/wp-json\/wp\/v2\/comments?post=8608"}],"version-history":[{"count":5,"href":"https:\/\/www.uzerk.org\/tr\/wp-json\/wp\/v2\/posts\/8608\/revisions"}],"predecessor-version":[{"id":8614,"href":"https:\/\/www.uzerk.org\/tr\/wp-json\/wp\/v2\/posts\/8608\/revisions\/8614"}],"wp:featuredmedia":[{"embeddable":true,"href":"https:\/\/www.uzerk.org\/tr\/wp-json\/wp\/v2\/media\/8609"}],"wp:attachment":[{"href":"https:\/\/www.uzerk.org\/tr\/wp-json\/wp\/v2\/media?parent=8608"}],"wp:term":[{"taxonomy":"category","embeddable":true,"href":"https:\/\/www.uzerk.org\/tr\/wp-json\/wp\/v2\/categories?post=8608"},{"taxonomy":"post_tag","embeddable":true,"href":"https:\/\/www.uzerk.org\/tr\/wp-json\/wp\/v2\/tags?post=8608"}],"curies":[{"name":"wp","href":"https:\/\/api.w.org\/{rel}","templated":true}]}}