{"id":8616,"date":"2022-10-31T18:27:47","date_gmt":"2022-10-31T15:27:47","guid":{"rendered":"https:\/\/www.uzerk.org\/tr\/?p=8616"},"modified":"2022-10-31T18:27:49","modified_gmt":"2022-10-31T15:27:49","slug":"erdogan-escinsel-evliligi-yasallastiran-meksikayi-isaret-etti-bizde-de-bu-calismayi-yurutenler-var-karsisinda-duracagiz","status":"publish","type":"post","link":"https:\/\/www.uzerk.org\/tr\/erdogan-escinsel-evliligi-yasallastiran-meksikayi-isaret-etti-bizde-de-bu-calismayi-yurutenler-var-karsisinda-duracagiz.html","title":{"rendered":"Erdo\u011fan, e\u015fcinsel evlili\u011fi yasalla\u015ft\u0131ran Meksika&#8217;y\u0131 i\u015faret etti: Bizde de bu \u00e7al\u0131\u015fmay\u0131 y\u00fcr\u00fctenler var, kar\u015f\u0131s\u0131nda duraca\u011f\u0131z"},"content":{"rendered":"\n<p><\/p>\n\n\n\n<p>Cumhurba\u015fkan\u0131 Erdo\u011fan, \u0130l\u00e7e M\u00fcft\u00fcleri \u0130sti\u015fare Toplant\u0131s\u0131&#8217;nda anayasa de\u011fi\u015fikli\u011fiyle ilgili dikkat \u00e7eken a\u00e7\u0131klamalarda bulundu. Erdo\u011fan, &#8220;Meclis&#8217;e gelecek teklifle ba\u015f\u00f6rt\u00fcs\u00fcne anayasal g\u00fcvence kazand\u0131r\u0131rken, sapk\u0131n ak\u0131mlar taraf\u0131ndan tehdit edilen aile m\u00fcessesesini de korumay\u0131 hedefliyoruz&#8221; ifadesini kulland\u0131. Meksika&#8217;y\u0131 i\u015faret ederek e\u015fcinsel evliliklerin yasalla\u015fmas\u0131na sert tepki g\u00f6steren Erdo\u011fan, &#8220;\u00dclkemizde de bu \u00e7al\u0131\u015fmay\u0131 y\u00fcr\u00fctenler var ama biz sonuna kadar kar\u015f\u0131s\u0131nda duraca\u011f\u0131z&#8221; dedi.<\/p>\n\n\n\n<p>Cumhurba\u015fkan\u0131 Recep Tayyip Erdo\u011fan, il\u00e7e m\u00fcft\u00fcleri isti\u015fare toplant\u0131s\u0131na kat\u0131ld\u0131. Burada bir konu\u015fma yapan Erdo\u011fan, \u00f6nceki g\u00fcn al\u0131nan kararla Meksika&#8217;n\u0131n tamam\u0131nda e\u015fcinsel evlili\u011fe izin verilmesini \u00f6rnek g\u00f6stererek, \u015funlar\u0131 s\u00f6yledi:<\/p>\n\n\n\n<h3>\u0130NSANLIK \u0130RT\u0130FA KAYBED\u0130YOR<\/h3>\n\n\n\n<p>&#8220;D\u00fcnyan\u0131n i\u00e7inde bulundu\u011fu zor s\u00fcre\u00e7, \u0130slam&#8217;\u0131n hayat veren ilkelerini ortaya koyuyor. \u0130nsanl\u0131k onca imkana ra\u011fmen manevi bak\u0131mdan giderek daha fazla irtifa kaybediyor. Materyalist ideolojiler, sosyal a\u00e7\u0131lardan felakete s\u00fcr\u00fckl\u00fcyor. Bunun i\u015faretlerine pek \u00e7ok alanda \u015fahit oluyoruz. Kimi Bat\u0131l\u0131 \u00fclkeler uyu\u015fturucu kullan\u0131m\u0131n\u0131n, kad\u0131na \u015fiddetin en \u00e7ok g\u00f6r\u00fcld\u00fc\u011f\u00fc yerlerdir. Kad\u0131na y\u00f6nelik \u015fiddet ile \u00e7ocuklara y\u00f6nelik su\u00e7lar, bu \u00fclkelerin sicilinin belki de en k\u00f6t\u00fc oldu\u011fu konulard\u0131r.<\/p>\n\n\n\n<h3>SAPIKLIK, AHLAKSIZLIK, \u00c7ARPIK \u0130L\u0130\u015eK\u0130LER<\/h3>\n\n\n\n<p>Toplum birka\u00e7 marjinalin adeta oyunca\u011f\u0131 haline d\u00f6n\u00fc\u015fmektedir. Sap\u0131kl\u0131k, ahlaks\u0131zl\u0131k ve \u00e7arp\u0131k ili\u015fkiler bilin\u00e7li \u015fekilde \u00f6zendirilmektedir. \u0130nsan\u0131 di\u011fer varl\u0131klardan ay\u0131ran ne kadar de\u011fer varsa k\u00fcresel odaklar\u0131n deste\u011fiyle yok ediliyor.<\/p>\n\n\n\n<h3>BENZER SIKINTILARI B\u0130Z DE YA\u015eAYAB\u0130L\u0130R\u0130Z<\/h3>\n\n\n\n<p>Kendi de\u011ferlerine kar\u015f\u0131 k\u00fcstah i\u00e7imizden mankurtlar kabul etmese de ger\u00e7ekler apa\u00e7\u0131k ortadad\u0131r. \u015eimdiden harekete ge\u00e7ip vakitlice \u00f6nlem almazsak ileride benzer s\u0131k\u0131nt\u0131lar\u0131 bizim de ya\u015famam\u0131z kuvvetle muhtemeldir. Bu de\u011fi\u015fiklik \u00f6nerisiyle bir yandan ba\u015f\u00f6rt\u00fcs\u00fcne anayasal g\u00fcvence kazand\u0131r\u0131rken di\u011fer yandan da aile m\u00fcessesini korumay\u0131 hedefliyoruz. Aile kurumuyla alakal\u0131 \u00f6zellikle 140 bini a\u015fan siz de\u011ferli hocalar\u0131ma b\u00fcy\u00fck g\u00f6rev d\u00fc\u015f\u00fcyor. Sadece cami de\u011fil, \u00f6zellikle minderden s\u00fcrekli olarak her cuma bunu i\u015flemeniz \u00f6yle zannediyorum ki bizler i\u00e7in vazge\u00e7ilmez bir g\u00f6revdir.<\/p>\n\n\n\n<h3>G\u00dc\u00c7L\u00dc A\u0130LE, G\u00dc\u00c7L\u00dc M\u0130LLET<\/h3>\n\n\n\n<p>Milyonlar sizi s\u00fcrekli dinlemekte, ve sizden onlara yap\u0131lan \u00e7a\u011fr\u0131 \u00f6zellikle aile kurumumuzu g\u00fc\u00e7lendirmenin en \u00f6nemli nasihat mekanizmas\u0131 olacakt\u0131r. G\u00fc\u00e7l\u00fc aile, g\u00fc\u00e7l\u00fc millet. G\u00fc\u00e7l\u00fc aileleri kurdu\u011fumuz anda milletimiz g\u00fc\u00e7lenecektir.<\/p>\n\n\n\n<p>Meksika&#8217;da tamam\u0131yla bu sapk\u0131n s\u00fcre\u00e7 yasal olarak zemine oturtulmu\u015f. De\u011ferli karde\u015flerim \u00fclkemizde de bu \u00e7al\u0131\u015fmay\u0131 y\u00fcr\u00fctenler var m\u0131? Var. Ama bizler bu \u00e7al\u0131\u015fmalar\u0131n kar\u015f\u0131s\u0131nda sonuna kadar dimdik duraca\u011f\u0131z. Ve bu M\u00fcsl\u00fcman toplulu\u011fu birilerine yedirmeyece\u011fiz. \u0130n\u015fallah TBMM&#8217;deki ak\u0131l, vicdan ve feraset sahibi t\u00fcm milletvekillerimizin g\u00fc\u00e7l\u00fc deste\u011fiyle bu hedefimize ula\u015faca\u011f\u0131m\u0131za inan\u0131yorum.&#8221;<\/p>\n\n\n\n<p><a href=\"https:\/\/www.haberler.com\/editor-haberleri\/erdem-aksoy\">Erdem Aksoy<\/a><\/p>\n\n\n\n<p>Haberler.com<\/p>\n","protected":false},"excerpt":{"rendered":"<p>Cumhurba\u015fkan\u0131 Erdo\u011fan, \u0130l\u00e7e M\u00fcft\u00fcleri \u0130sti\u015fare Toplant\u0131s\u0131&#8217;nda anayasa de\u011fi\u015fikli\u011fiyle ilgili dikkat \u00e7eken a\u00e7\u0131klamalarda bulundu. Erdo\u011fan, &#8220;Meclis&#8217;e gelecek teklifle ba\u015f\u00f6rt\u00fcs\u00fcne anayasal g\u00fcvence kazand\u0131r\u0131rken, sapk\u0131n ak\u0131mlar taraf\u0131ndan tehdit edilen aile m\u00fcessesesini de korumay\u0131 hedefliyoruz&#8221; ifadesini kulland\u0131. Meksika&#8217;y\u0131 i\u015faret ederek e\u015fcinsel evliliklerin yasalla\u015fmas\u0131na sert tepki g\u00f6steren Erdo\u011fan, &#8220;\u00dclkemizde de bu \u00e7al\u0131\u015fmay\u0131 y\u00fcr\u00fctenler var ama biz sonuna kadar kar\u015f\u0131s\u0131nda duraca\u011f\u0131z&#8221; [&hellip;]<\/p>\n","protected":false},"author":12,"featured_media":8617,"comment_status":"open","ping_status":"open","sticky":false,"template":"","format":"standard","meta":[],"categories":[1],"tags":[],"_links":{"self":[{"href":"https:\/\/www.uzerk.org\/tr\/wp-json\/wp\/v2\/posts\/8616"}],"collection":[{"href":"https:\/\/www.uzerk.org\/tr\/wp-json\/wp\/v2\/posts"}],"about":[{"href":"https:\/\/www.uzerk.org\/tr\/wp-json\/wp\/v2\/types\/post"}],"author":[{"embeddable":true,"href":"https:\/\/www.uzerk.org\/tr\/wp-json\/wp\/v2\/users\/12"}],"replies":[{"embeddable":true,"href":"https:\/\/www.uzerk.org\/tr\/wp-json\/wp\/v2\/comments?post=8616"}],"version-history":[{"count":1,"href":"https:\/\/www.uzerk.org\/tr\/wp-json\/wp\/v2\/posts\/8616\/revisions"}],"predecessor-version":[{"id":8618,"href":"https:\/\/www.uzerk.org\/tr\/wp-json\/wp\/v2\/posts\/8616\/revisions\/8618"}],"wp:featuredmedia":[{"embeddable":true,"href":"https:\/\/www.uzerk.org\/tr\/wp-json\/wp\/v2\/media\/8617"}],"wp:attachment":[{"href":"https:\/\/www.uzerk.org\/tr\/wp-json\/wp\/v2\/media?parent=8616"}],"wp:term":[{"taxonomy":"category","embeddable":true,"href":"https:\/\/www.uzerk.org\/tr\/wp-json\/wp\/v2\/categories?post=8616"},{"taxonomy":"post_tag","embeddable":true,"href":"https:\/\/www.uzerk.org\/tr\/wp-json\/wp\/v2\/tags?post=8616"}],"curies":[{"name":"wp","href":"https:\/\/api.w.org\/{rel}","templated":true}]}}