{"id":8797,"date":"2025-03-03T22:03:08","date_gmt":"2025-03-03T19:03:08","guid":{"rendered":"https:\/\/www.uzerk.org\/tr\/?p=8797"},"modified":"2025-03-03T22:04:19","modified_gmt":"2025-03-03T19:04:19","slug":"dunya-yol-ayriminda-abd-ile-olmayacak","status":"publish","type":"post","link":"https:\/\/www.uzerk.org\/tr\/dunya-yol-ayriminda-abd-ile-olmayacak.html","title":{"rendered":"D\u00fcnya yol ayr\u0131m\u0131nda: ABD ile olmayacak!"},"content":{"rendered":"\n<p>ABD Ba\u015fkan\u0131 Donald Trump ve Ukrayna Devlet Ba\u015fkan\u0131 Volodimir Zelenskiy aras\u0131ndaki tart\u0131\u015fma d\u00fcnya g\u00fcndemine damga vururken, Trump\u2019\u0131n tutumu b\u00fcy\u00fck tepki \u00e7ekti ve yeni Amerikan y\u00f6netimiyle ilgili soru i\u015faretlerinin daha da b\u00fcy\u00fcmesine neden oldu.<\/p>\n\n\n\n<p>Bat\u0131 d\u00fcnyas\u0131 ve demokratik \u00fclkeler Trump\u2019\u0131n Zelenskiy kar\u015f\u0131s\u0131ndaki \u00fcstten bakan, azarlay\u0131c\u0131 tutumunu sert bi\u00e7imde ele\u015ftirirken, Ukrayna y\u00f6netimi ve Zelenskiy\u2019e desteklerini sundu. Trump \u00f6nderli\u011findeki yeni Amerikan y\u00f6netimiyle ilgili zaten mevcut olan soru i\u015faretleri daha da b\u00fcy\u00fcrken, Bat\u0131 d\u00fcnyas\u0131 ABD\u2019nin bu y\u00f6netimle art\u0131k kendilerine liderlik edemeyece\u011fi g\u00f6r\u00fc\u015f\u00fcnde.<\/p>\n\n\n\n<p>\u0130lginizi \u00c7ekebilir<\/p>\n\n\n\n<p><strong>YEN\u0130 L\u0130DER LAZIM<\/strong><\/p>\n\n\n\n<p>Nitekim Avrupa Birli\u011fi d\u0131\u015f politika \u015fefi Kaja Kallas, \u201cBug\u00fcn \u00f6zg\u00fcr d\u00fcnyan\u0131n yeni bir lidere ihtiyac\u0131 oldu\u011fu a\u00e7\u0131k\u00e7a ortaya \u00e7\u0131km\u0131\u015ft\u0131r. Bu meydan okumay\u0131 g\u00f6\u011f\u00fcslemek biz Avrupal\u0131lara d\u00fc\u015f\u00fcyor\u201d ifadelerine yer vererek Avrupa\u2019daki hissiyat\u0131 \u00f6zetledi. Fransa Ba\u015fbakan\u0131 Fran\u00e7ois Bayrou ise, \u201cZelenskiy, Washington\u2019da boyun e\u011fmeyerek, Avrupa\u2019n\u0131n onuru oldu. Art\u0131k geriye, Avrupal\u0131lar olarak ne olmak istedi\u011fimize karar vermemiz kal\u0131yor veya k\u0131sacas\u0131 var olmak isteyip istemedi\u011fimize\u201d ifadelerini kulland\u0131.<\/p>\n\n\n\n<p>Bu ba\u011flamda bug\u00fcn \u0130ngiltere\u2019nin ba\u015fkenti Londra\u2019da d\u00fczenlenecek zirvenin daha da \u00f6nemli hale geldi\u011fi ifade ediliyor. Yap\u0131lan analizler, hem Avrupa\u2019n\u0131n hem de NATO\u2019nun art\u0131k yola ABD\u2019siz devam etme ihtimalini daha ciddi bi\u00e7imde de\u011ferlendirmeleri gerekti\u011fi y\u00f6n\u00fcnde.<\/p>\n\n\n\n<p><strong>\u2018\u00d6Z\u00dcR D\u0130LEMEM\u2019<\/strong><\/p>\n\n\n\n<p>Trump, ya\u015fananlar sonras\u0131 Zelenskiy\u2019nin bar\u0131\u015f anla\u015fmas\u0131 yapmaya ne kadar istekli oldu\u011fu konusunda soru i\u015faretleri bulundu\u011funu anlatarak, \u201cBen acil bar\u0131\u015f istiyorum. Putin de bunu yapmak isteyecek. Bu adam ise (Zelenskiy) bizim sava\u015fmaya devam etmemizi istiyor\u201d yorumunu yapt\u0131. ABD D\u0131\u015fi\u015fleri Bakan\u0131 Marco Rubio ise Zelenskiy\u2019nin, Trump\u2019la Oval Ofis\u2019te tart\u0131\u015fmas\u0131n\u0131n ard\u0131ndan \u00f6z\u00fcr dilemesi gerekti\u011fini savundu. Zelenskiy\u2019i su\u00e7layan Rubio, \u201cBu olay\u0131 kendisi i\u00e7in bir fiyaskoya d\u00f6n\u00fc\u015ft\u00fcrd\u00fc\u011f\u00fc i\u00e7in \u00f6z\u00fcr dilemelidir\u201d g\u00f6r\u00fc\u015f\u00fcn\u00fc payla\u015ft\u0131. Trump\u2019a yak\u0131n Fox News kanal\u0131nda a\u00e7\u0131klamalarda bulunan Zelenskiy ise, sunucunun Trump\u2019tan \u00f6z\u00fcr dileyip dilemeyece\u011fi y\u00f6n\u00fcndeki sorusuna, \u2018\u00f6z\u00fcr dilemesini gerektirecek yanl\u0131\u015f bir \u015fey yapmad\u0131\u011f\u0131\u2019 yan\u0131t\u0131n\u0131 verdi. Konu\u015fmas\u0131nda Zelenskiy, Kiev\u2019in ABD deste\u011fi olmadan Rusya ile olan \u00e7at\u0131\u015fmay\u0131 kazanmas\u0131n\u0131n m\u00fcmk\u00fcn olup olmad\u0131\u011f\u0131 sorusuna, \u201cBizim i\u00e7in zor olacak. Bu y\u00fczden buraday\u0131m\u201d dedi. Zelenskiy ayr\u0131ca, olayl\u0131 toplant\u0131ya ra\u011fmen Trump\u2019la ili\u015fkilerin d\u00fczeltilebilece\u011fine inand\u0131\u011f\u0131n\u0131 dile getirdi. Zelenskiy, adil bir anla\u015fma ve g\u00fcvenlik garantileri istediklerini vurgulad\u0131.<\/p>\n\n\n\n<p>Para \u00e7ekimi yapan herkesi ilgilendiriyor! ATM\u2019lerde yeni d\u00f6nem: Y\u00fcz tan\u0131mlama nas\u0131l olacak?<\/p>\n\n\n\n<p><strong>HESAP D\u00dcZELTT\u0130<\/strong><\/p>\n\n\n\n<p>Zelenskiy, ABD\u2019den iddia edildi\u011fi gibi 3 y\u0131lda 183 de\u011fil 100 milyar dolar ald\u0131klar\u0131n\u0131 ve bunun 67 milyar dolarl\u0131k k\u0131sm\u0131n\u0131n silah yard\u0131m\u0131, 31,5 milyar dolar\u0131n\u0131n ise nakit oldu\u011funu belirterek, bu konuda hesap vermeye \u00e7ok a\u00e7\u0131k olduklar\u0131n\u0131 s\u00f6yledi. Washington Post\u2019un \u00fcst d\u00fczey bir y\u00f6netim yetkilisine dayand\u0131rd\u0131\u011f\u0131 haberine g\u00f6re; ABD y\u00f6netimi tart\u0131\u015fman\u0131n ard\u0131ndan Kiev\u2019in \u201cbar\u0131\u015f s\u00fcrecindeki uzla\u015fmaz tutumuna\u201d tepki olarak Ukrayna\u2019ne devam eden t\u00fcm asker\u00ee yard\u0131m sevkiyat\u0131n\u0131n durdurmay\u0131 planl\u0131yor.<\/p>\n\n\n\n<p><strong>ZELENSK\u0130Y\u2019E B\u00dcY\u00dcK DESTEK<\/strong><\/p>\n\n\n\n<p>\u00c7ok say\u0131da \u00fclke lideri Oval Ofis\u2019teki skandal sonras\u0131 Zelenskiy ve Ukrayna\u2019ya deste\u011fini a\u00e7\u0131klad\u0131. Avrupa\u2019dan yap\u0131lan payla\u015f\u0131mlarda, Ukrayna\u2019ya y\u00f6nelik deste\u011fin daha da art\u0131r\u0131laca\u011f\u0131 mesaj\u0131 verildi. Trump ve JD Vance\u2019in tutumu utan\u00e7 verici olarak nitelendirildi.<\/p>\n\n\n\n<p>AB Komisyonu Ba\u015fkan\u0131 Ursula von der Leyen ve AB Konseyi Ba\u015fkan\u0131 Antonio Costa ortak mesajlar\u0131nda \u201cSayg\u0131nl\u0131\u011f\u0131n\u0131z Ukrayna halk\u0131n\u0131n cesaretini onurland\u0131r\u0131yor. G\u00fc\u00e7l\u00fc, cesur ve korkusuz olun. Ba\u015fkan Zelenskiy asla yaln\u0131z de\u011filsiniz. Adil ve kal\u0131c\u0131 bir bar\u0131\u015f i\u00e7in sizinle \u00e7al\u0131\u015fmaya devam edece\u011fiz\u201d de\u011ferlendirmesinde bulundu. Zelenskiy de, \u201cUkrayna halk\u0131n\u0131n, yaln\u0131z olmad\u0131\u011f\u0131n\u0131, \u00e7\u0131karlar\u0131n\u0131n d\u00fcnyan\u0131n her \u00fclkesinde, her k\u00f6\u015fesinde temsil edildi\u011fini bilmesi \u00f6nemlidir ifadesini kulland\u0131.<img src=\"https:\/\/img-s-msn-com.akamaized.net\/tenant\/amp\/entityid\/AA1A4fIn.img?w=768&amp;h=431&amp;m=6&amp;x=204&amp;y=392&amp;s=36&amp;d=36\" alt=\"D\u00fcnya yol ayr\u0131m\u0131nda: ABD ile olmayacak!\">D\u00fcnya yol ayr\u0131m\u0131nda: ABD ile olmayacak!<\/p>\n\n\n\n<p><strong>\u2018GURURUMUZU SAVUNDU\u2019<\/strong><\/p>\n\n\n\n<p>Ukrayna\u2019da ger\u00e7ekle\u015ftirilen r\u00f6portajlar, halk\u0131n Zelenskiy\u2019in Trump\u2019a kar\u015f\u0131 g\u00f6sterdi\u011fi \u2018direni\u015ften\u2019 memnun oldu\u011funu g\u00f6steriyor. CNN\u2019e konu\u015fan Nataliya isimli emekli, \u201cZelesnkiy orada gururumuzu ve itibar\u0131m\u0131z\u0131 savundu\u201d derken, Serhiy isimli avukat, Trump\u2019\u0131n tutumunun bir \u00fclke liderine yak\u0131\u015fmad\u0131\u011f\u0131n\u0131 ifade etti. Ukrayna\u2019da Zelenskiy\u2019e deste\u011fin gitgide artt\u0131\u011f\u0131 ve son anketlere g\u00f6re y\u00fczde 65\u2019e y\u00fckseldi\u011fi ifade ediliyor.<\/p>\n\n\n\n<p><strong><em><a href=\"https:\/\/www.milliyet.com.tr\/dunya\/dunya-yol-ayriminda-abd-ile-olmayacak-7320531\">Milliyet<\/a><\/em><\/strong><\/p>\n","protected":false},"excerpt":{"rendered":"<p>ABD Ba\u015fkan\u0131 Donald Trump ve Ukrayna Devlet Ba\u015fkan\u0131 Volodimir Zelenskiy aras\u0131ndaki tart\u0131\u015fma d\u00fcnya g\u00fcndemine damga vururken, Trump\u2019\u0131n tutumu b\u00fcy\u00fck tepki \u00e7ekti ve yeni Amerikan y\u00f6netimiyle ilgili soru i\u015faretlerinin daha da b\u00fcy\u00fcmesine neden oldu. Bat\u0131 d\u00fcnyas\u0131 ve demokratik \u00fclkeler Trump\u2019\u0131n Zelenskiy kar\u015f\u0131s\u0131ndaki \u00fcstten bakan, azarlay\u0131c\u0131 tutumunu sert bi\u00e7imde ele\u015ftirirken, Ukrayna y\u00f6netimi ve Zelenskiy\u2019e desteklerini sundu. Trump [&hellip;]<\/p>\n","protected":false},"author":12,"featured_media":8799,"comment_status":"open","ping_status":"open","sticky":false,"template":"","format":"standard","meta":[],"categories":[5,9,3],"tags":[],"_links":{"self":[{"href":"https:\/\/www.uzerk.org\/tr\/wp-json\/wp\/v2\/posts\/8797"}],"collection":[{"href":"https:\/\/www.uzerk.org\/tr\/wp-json\/wp\/v2\/posts"}],"about":[{"href":"https:\/\/www.uzerk.org\/tr\/wp-json\/wp\/v2\/types\/post"}],"author":[{"embeddable":true,"href":"https:\/\/www.uzerk.org\/tr\/wp-json\/wp\/v2\/users\/12"}],"replies":[{"embeddable":true,"href":"https:\/\/www.uzerk.org\/tr\/wp-json\/wp\/v2\/comments?post=8797"}],"version-history":[{"count":1,"href":"https:\/\/www.uzerk.org\/tr\/wp-json\/wp\/v2\/posts\/8797\/revisions"}],"predecessor-version":[{"id":8798,"href":"https:\/\/www.uzerk.org\/tr\/wp-json\/wp\/v2\/posts\/8797\/revisions\/8798"}],"wp:featuredmedia":[{"embeddable":true,"href":"https:\/\/www.uzerk.org\/tr\/wp-json\/wp\/v2\/media\/8799"}],"wp:attachment":[{"href":"https:\/\/www.uzerk.org\/tr\/wp-json\/wp\/v2\/media?parent=8797"}],"wp:term":[{"taxonomy":"category","embeddable":true,"href":"https:\/\/www.uzerk.org\/tr\/wp-json\/wp\/v2\/categories?post=8797"},{"taxonomy":"post_tag","embeddable":true,"href":"https:\/\/www.uzerk.org\/tr\/wp-json\/wp\/v2\/tags?post=8797"}],"curies":[{"name":"wp","href":"https:\/\/api.w.org\/{rel}","templated":true}]}}