{"id":8813,"date":"2025-03-28T08:12:29","date_gmt":"2025-03-28T05:12:29","guid":{"rendered":"https:\/\/www.uzerk.org\/tr\/?p=8813"},"modified":"2025-03-28T08:12:29","modified_gmt":"2025-03-28T05:12:29","slug":"istanbula-gelirken-gozaltina-alinan-liderden-erdogana-yardim-cagrisi","status":"publish","type":"post","link":"https:\/\/www.uzerk.org\/tr\/istanbula-gelirken-gozaltina-alinan-liderden-erdogana-yardim-cagrisi.html","title":{"rendered":"\u0130stanbul&#8217;a gelirken g\u00f6zalt\u0131na al\u0131nan liderden Erdo\u011fan&#8217;a yard\u0131m \u00e7a\u011fr\u0131s\u0131"},"content":{"rendered":"\n<p><strong>Moldova&#8217;da havaliman\u0131nda 3 g\u00fcn \u00f6nce g\u00f6zalt\u0131na al\u0131nan Gagavuzya \u00d6zerk B\u00f6lgesi Ba\u015fkan\u0131 Yevgeniya Gutsul serbest b\u0131rak\u0131lmas\u0131 i\u00e7in Cumhurba\u015fkan\u0131 Recep Tayyip Erdo\u011fan ve Rusya Devlet Ba\u015fkan\u0131 Vladimir Putin&#8217;e yard\u0131m \u00e7a\u011fr\u0131s\u0131nda bulundu.<\/strong><\/p>\n\n\n\n<h3>G\u00d6ZALTINA ALINAN GAGAVUZYA L\u0130DER\u0130, ERDO\u011eAN&#8217;DAN YARDIM \u0130STED\u0130<\/h3>\n\n\n\n<p>Moldova&#8217;da 3 g\u00fcnd\u00fcr g\u00f6zalt\u0131nda tutulan Gagavuzya \u00d6zerk B\u00f6lgesi Ba\u015fkan\u0131 Yevgeniya Gutsul, avukat\u0131 arac\u0131l\u0131\u011f\u0131yla sosyal medya hesab\u0131ndan yapt\u0131\u011f\u0131 payla\u015f\u0131mda Cumhurba\u015fkan\u0131 Recep Tayyip Erdo\u011fan&#8217;dan destek istedi. Gutsul payla\u015f\u0131m\u0131nda, &#8220;Y\u00fcre\u011fimde derin bir ac\u0131yla ve adalete olan sars\u0131lmaz inanc\u0131mla tamamen uydurma su\u00e7lamalarla konuldu\u011fum Moldova&#8217;daki g\u00f6zalt\u0131 merkezinden size sesleniyorum. Bu g\u00f6zalt\u0131, sadece bir siyasi bask\u0131 eylemi de\u011fil, ayn\u0131 zamanda Ki\u015finev&#8217;in Gagavuzya \u00f6zerkli\u011fini ve halk\u0131m\u0131z\u0131n kendi gelece\u011fini tayin etme hakk\u0131n\u0131 zay\u0131flatmaya y\u00f6nelik sistematik bir plan\u0131n\u0131n par\u00e7as\u0131d\u0131r&#8221; ifadelerini kulland\u0131.<\/p>\n\n\n\n<h3>&#8220;GAGAVUZ HALKI S\u0130Z\u0130N DESTE\u011e\u0130N\u0130ZE \u0130HT\u0130YA\u00c7 DUYMAKTADIR&#8221;<\/h3>\n\n\n\n<p>Gutsul, &#8220;Moldova makamlar\u0131, b\u00fcy\u00fck S\u00fcleyman Demirel&#8217;in deste\u011fiyle halk\u0131m\u0131z\u0131n 30 y\u0131l \u00f6nce i\u00e7 \u00e7at\u0131\u015fman\u0131n bar\u0131\u015f\u00e7\u0131l bir \u015fekilde \u00e7\u00f6z\u00fclmesi \u00e7er\u00e7evesinde Ki\u015finev ile yapt\u0131\u011f\u0131 toplumsal s\u00f6zle\u015fmeyi yok etmektedir. B\u00fcy\u00fck T\u00fcrkiye&#8217;nin lideri olarak siz, d\u00fcnya genelinde T\u00fcrk halklar\u0131n\u0131n haklar\u0131n\u0131 savunma noktas\u0131nda defalarca ilkesel bir duru\u015f sergilediniz. Bug\u00fcn dil ve k\u00fclt\u00fcr a\u00e7\u0131s\u0131ndan karde\u015fleriniz olan Gagavuz halk\u0131, sizin deste\u011finize acilen ihtiya\u00e7 duymaktad\u0131r. Ki\u015finev, Gagavuzya&#8217;n\u0131n anayasal \u00f6zerklik g\u00fcvencelerini, etnik az\u0131nl\u0131klar\u0131n haklar\u0131na ili\u015fkin uluslararas\u0131 normlar ve demokrasinin temel ilkelerini a\u00e7\u0131k\u00e7a ihlal etmektedir. Sizden Gagavuz halk\u0131na y\u00f6nelik siyasi bask\u0131lar\u0131 kamuoyunda k\u0131naman\u0131z\u0131, Moldova makamlar\u0131na diplomatik kanallar arac\u0131l\u0131\u011f\u0131yla bask\u0131 uygulaman\u0131z\u0131 ve benim en k\u0131sa zamanda serbest b\u0131rak\u0131lmam y\u00f6n\u00fcndeki talebi desteklemenizi \u00f6nemle arz ediyorum. Gagavuzya her zaman T\u00fcrkiye&#8217;yi a\u011fabey ve koruyucu olarak g\u00f6rm\u00fc\u015ft\u00fcr. Eminim ki bu kritik d\u00f6nemde halk\u0131m\u0131z\u0131n yasal haklar i\u00e7in verdi\u011fi m\u00fccadelede bizleri yaln\u0131z b\u0131rakmayacaks\u0131n\u0131z&#8221; dedi.<\/p>\n\n\n\n<h3>&#8220;MOLDOVA H\u00dcK\u00dcMET\u0130NE BASKI YAPIN&#8221;<\/h3>\n\n\n\n<p>Gagavuzya \u00d6zerk B\u00f6lgesi Ba\u015fkan\u0131 Gutsul, Rusya lideri Vladimir Putin&#8217;e yapt\u0131\u011f\u0131 \u00e7a\u011fr\u0131da ise Moldova h\u00fck\u00fcmetine serbest kalmas\u0131 y\u00f6n\u00fcnde bask\u0131 yapmak \u00fczere &#8220;t\u00fcm diplomatik, politik ve yasal mekanizmalar\u0131&#8221; kullanmas\u0131n\u0131 istedi. G\u00f6zalt\u0131na al\u0131nmas\u0131n\u0131n Gagavuzya&#8217;n\u0131n haklar\u0131na ve \u00f6zg\u00fcrl\u00fc\u011f\u00fcne, kimliklerini tan\u0131mlayan her \u015feye &#8220;a\u00e7\u0131k bir sald\u0131r\u0131&#8221; oldu\u011funu belirten Gutsul, &#8220;Adaletin her daim bek\u00e7isi olmu\u015f bir devletin lideri olarak sizden Gagavuz \u00f6zerkli\u011finin ba\u011f\u0131ms\u0131z Moldova Cumhuriyeti i\u00e7indeki \u00f6zel stat\u00fcs\u00fcne kesin ve net bir \u015fekilde destek vermenizi rica ediyoruz&#8221; ifadelerine yer verdi.<\/p>\n\n\n\n<h3>MOLDOVA&#8217;NIN BA\u015eKENT\u0130NDE G\u00d6ZALTINA ALINMI\u015eTI<\/h3>\n\n\n\n<p>Rus yanl\u0131s\u0131 politikalar\u0131yla bilinen Gutsul, \u0130stanbul&#8217;a gitmek \u00fczere geldi\u011fi Ki\u015finev Uluslararas\u0131 Havaliman\u0131&#8217;nda Sal\u0131 g\u00fcn\u00fc g\u00f6zalt\u0131na al\u0131nm\u0131\u015ft\u0131. Gutsul&#8217;un g\u00f6zalt\u0131na al\u0131nma gerek\u00e7esine dair bilgi verilmemi\u015fti. Kremlin S\u00f6zc\u00fcs\u00fc Dmitriy Peskov, Gutsul&#8217;un g\u00f6zalt\u0131na al\u0131nmas\u0131na tepki g\u00f6stererek, Moldova Devlet Ba\u015fkan\u0131 Maia Sandu&#8217;nun siyasi rakiplerine kar\u015f\u0131 &#8220;a\u00e7\u0131k bask\u0131 taktikleri&#8221; kullan\u0131ld\u0131\u011f\u0131n\u0131 ifade etmi\u015fti. Peskov, &#8220;Kremlin, Gagavuzya lideri Gutsul&#8217;u g\u00f6zalt\u0131na alan Moldova makamlar\u0131n\u0131n eylemlerini k\u0131n\u0131yor. Ki\u015finev bu t\u00fcr y\u00f6ntemlerden vazge\u00e7meli&#8221; demi\u015fti.<\/p>\n\n\n\n<p>Moldova&#8217;da savc\u0131l\u0131k, ge\u00e7ti\u011fimiz y\u0131l Gutsul&#8217;u Rusya&#8217;dan gelen fonlar\u0131 \u00fclkede art\u0131k yasakl\u0131 olan Rus yanl\u0131s\u0131 Shor Partisi&#8217;ne aktarmakla su\u00e7lam\u0131\u015ft\u0131.<\/p>\n\n\n\n<p>\u00c7o\u011funlu\u011funu etnik T\u00fcrklerin olu\u015fturdu\u011fu 140 bin n\u00fcfuslu Gagavuzya, Moldova&#8217;ya ba\u011fl\u0131 \u00f6zerk b\u00f6lge stat\u00fcs\u00fcnde. Gagavuzya&#8217;da son se\u00e7imleri kazanan Gutsul, Rusya&#8217;ya yak\u0131nl\u0131\u011f\u0131 nedeniyle Moldova&#8217;n\u0131n Avrupa yanl\u0131s\u0131 h\u00fck\u00fcmetiyle anla\u015fmazl\u0131k ya\u015f\u0131yor.<\/p>\n","protected":false},"excerpt":{"rendered":"<p>Moldova&#8217;da havaliman\u0131nda 3 g\u00fcn \u00f6nce g\u00f6zalt\u0131na al\u0131nan Gagavuzya \u00d6zerk B\u00f6lgesi Ba\u015fkan\u0131 Yevgeniya Gutsul serbest b\u0131rak\u0131lmas\u0131 i\u00e7in Cumhurba\u015fkan\u0131 Recep Tayyip Erdo\u011fan ve Rusya Devlet Ba\u015fkan\u0131 Vladimir Putin&#8217;e yard\u0131m \u00e7a\u011fr\u0131s\u0131nda bulundu. G\u00d6ZALTINA ALINAN GAGAVUZYA L\u0130DER\u0130, ERDO\u011eAN&#8217;DAN YARDIM \u0130STED\u0130 Moldova&#8217;da 3 g\u00fcnd\u00fcr g\u00f6zalt\u0131nda tutulan Gagavuzya \u00d6zerk B\u00f6lgesi Ba\u015fkan\u0131 Yevgeniya Gutsul, avukat\u0131 arac\u0131l\u0131\u011f\u0131yla sosyal medya hesab\u0131ndan yapt\u0131\u011f\u0131 payla\u015f\u0131mda Cumhurba\u015fkan\u0131 [&hellip;]<\/p>\n","protected":false},"author":12,"featured_media":8814,"comment_status":"open","ping_status":"open","sticky":false,"template":"","format":"standard","meta":[],"categories":[9,1,3],"tags":[],"_links":{"self":[{"href":"https:\/\/www.uzerk.org\/tr\/wp-json\/wp\/v2\/posts\/8813"}],"collection":[{"href":"https:\/\/www.uzerk.org\/tr\/wp-json\/wp\/v2\/posts"}],"about":[{"href":"https:\/\/www.uzerk.org\/tr\/wp-json\/wp\/v2\/types\/post"}],"author":[{"embeddable":true,"href":"https:\/\/www.uzerk.org\/tr\/wp-json\/wp\/v2\/users\/12"}],"replies":[{"embeddable":true,"href":"https:\/\/www.uzerk.org\/tr\/wp-json\/wp\/v2\/comments?post=8813"}],"version-history":[{"count":1,"href":"https:\/\/www.uzerk.org\/tr\/wp-json\/wp\/v2\/posts\/8813\/revisions"}],"predecessor-version":[{"id":8815,"href":"https:\/\/www.uzerk.org\/tr\/wp-json\/wp\/v2\/posts\/8813\/revisions\/8815"}],"wp:featuredmedia":[{"embeddable":true,"href":"https:\/\/www.uzerk.org\/tr\/wp-json\/wp\/v2\/media\/8814"}],"wp:attachment":[{"href":"https:\/\/www.uzerk.org\/tr\/wp-json\/wp\/v2\/media?parent=8813"}],"wp:term":[{"taxonomy":"category","embeddable":true,"href":"https:\/\/www.uzerk.org\/tr\/wp-json\/wp\/v2\/categories?post=8813"},{"taxonomy":"post_tag","embeddable":true,"href":"https:\/\/www.uzerk.org\/tr\/wp-json\/wp\/v2\/tags?post=8813"}],"curies":[{"name":"wp","href":"https:\/\/api.w.org\/{rel}","templated":true}]}}