{"id":8855,"date":"2025-08-29T07:09:59","date_gmt":"2025-08-29T04:09:59","guid":{"rendered":"https:\/\/www.uzerk.org\/tr\/?p=8855"},"modified":"2025-08-29T07:10:00","modified_gmt":"2025-08-29T04:10:00","slug":"sigmund-freud-ve-ataturk","status":"publish","type":"post","link":"https:\/\/www.uzerk.org\/tr\/sigmund-freud-ve-ataturk.html","title":{"rendered":"S\u0130GMUND FREUD VE ATAT\u00dcRK"},"content":{"rendered":"\n<figure class=\"wp-block-image size-large\"><a href=\"https:\/\/www.uzerk.org\/tr\/wp-content\/uploads\/2025\/08\/\u0424\u0440\u0435\u0439\u04341.jpeg\"><img loading=\"lazy\" width=\"194\" height=\"219\" src=\"https:\/\/www.uzerk.org\/tr\/wp-content\/uploads\/2025\/08\/\u0424\u0440\u0435\u0439\u04341.jpeg\" alt=\"\" class=\"wp-image-8857\" srcset=\"https:\/\/www.uzerk.org\/tr\/wp-content\/uploads\/2025\/08\/\u0424\u0440\u0435\u0439\u04341.jpeg 194w, https:\/\/www.uzerk.org\/tr\/wp-content\/uploads\/2025\/08\/\u0424\u0440\u0435\u0439\u04341-72x81.jpeg 72w, https:\/\/www.uzerk.org\/tr\/wp-content\/uploads\/2025\/08\/\u0424\u0440\u0435\u0439\u04341-100x113.jpeg 100w, https:\/\/www.uzerk.org\/tr\/wp-content\/uploads\/2025\/08\/\u0424\u0440\u0435\u0439\u04341-182x205.jpeg 182w\" sizes=\"(max-width: 194px) 100vw, 194px\" \/><\/a><\/figure>\n\n\n\n<p>\u0130ngiliz kral\u0131 Edward \u0131n, &#8220;Atat\u00fcrk ile ilgili olarak ne d\u00fc\u015f\u00fcn\u00fcyorsunuz&#8221; sorusu \u00fczerine Freud un cevab\u0131:<br>ATAT\u00dcRK esir ald\u0131\u011f\u0131 komutanlara insanca davrand\u0131&#8230;<br>Esir ald\u0131\u011f\u0131 bayraklar\u0131 \u00e7i\u011fnemedi, \u00e7i\u011fnetmedi&#8230;<br>Esir ald\u0131\u011f\u0131 halklara sayg\u0131 duydu&#8230;<br>O,<br>Sadece topra\u011f\u0131n\u0131 korudu &#8230;<br>\u00dclkesini ve milletini sevdi, onlar i\u00e7in sava\u015ft\u0131&#8230;<br>T\u00fcm insanl\u0131\u011fa,<br>Mazlum milletlere \u00f6rnek oldu&#8230;<br>Emperyalizme dur dedi&#8230;<br>\u00c7a\u011fda\u015f d\u00fczeni kurdu&#8230;<br>\u00d6zg\u00fcrl\u00fckleri,<br>\u0130nan\u00e7lar\u0131n serbestli\u011fini,<br>Kad\u0131nlara se\u00e7me se\u00e7ilme hakk\u0131n\u0131,<br>Bilimi,<br>Do\u011fan\u0131n korunmas\u0131n\u0131, Sanat\u0131 \u00f6n plana \u00e7\u0131kard\u0131&#8230;<br>Daha ne yapsayd\u0131,<br>Biz evrensel bilim insanlar\u0131na ?&#8230;<br>Freud b\u00f6yle s\u0131ral\u0131yor d\u00fc\u015f\u00fcncelerini&#8230;<\/p>\n","protected":false},"excerpt":{"rendered":"<p>\u0130ngiliz kral\u0131 Edward \u0131n, &#8220;Atat\u00fcrk ile ilgili olarak ne d\u00fc\u015f\u00fcn\u00fcyorsunuz&#8221; sorusu \u00fczerine Freud un cevab\u0131:ATAT\u00dcRK esir ald\u0131\u011f\u0131 komutanlara insanca davrand\u0131&#8230;Esir ald\u0131\u011f\u0131 bayraklar\u0131 \u00e7i\u011fnemedi, \u00e7i\u011fnetmedi&#8230;Esir ald\u0131\u011f\u0131 halklara sayg\u0131 duydu&#8230;O,Sadece topra\u011f\u0131n\u0131 korudu &#8230;\u00dclkesini ve milletini sevdi, onlar i\u00e7in sava\u015ft\u0131&#8230;T\u00fcm insanl\u0131\u011fa,Mazlum milletlere \u00f6rnek oldu&#8230;Emperyalizme dur dedi&#8230;\u00c7a\u011fda\u015f d\u00fczeni kurdu&#8230;\u00d6zg\u00fcrl\u00fckleri,\u0130nan\u00e7lar\u0131n serbestli\u011fini,Kad\u0131nlara se\u00e7me se\u00e7ilme hakk\u0131n\u0131,Bilimi,Do\u011fan\u0131n korunmas\u0131n\u0131, Sanat\u0131 \u00f6n plana \u00e7\u0131kard\u0131&#8230;Daha ne [&hellip;]<\/p>\n","protected":false},"author":12,"featured_media":8856,"comment_status":"open","ping_status":"open","sticky":false,"template":"","format":"standard","meta":[],"categories":[5,9],"tags":[],"_links":{"self":[{"href":"https:\/\/www.uzerk.org\/tr\/wp-json\/wp\/v2\/posts\/8855"}],"collection":[{"href":"https:\/\/www.uzerk.org\/tr\/wp-json\/wp\/v2\/posts"}],"about":[{"href":"https:\/\/www.uzerk.org\/tr\/wp-json\/wp\/v2\/types\/post"}],"author":[{"embeddable":true,"href":"https:\/\/www.uzerk.org\/tr\/wp-json\/wp\/v2\/users\/12"}],"replies":[{"embeddable":true,"href":"https:\/\/www.uzerk.org\/tr\/wp-json\/wp\/v2\/comments?post=8855"}],"version-history":[{"count":1,"href":"https:\/\/www.uzerk.org\/tr\/wp-json\/wp\/v2\/posts\/8855\/revisions"}],"predecessor-version":[{"id":8858,"href":"https:\/\/www.uzerk.org\/tr\/wp-json\/wp\/v2\/posts\/8855\/revisions\/8858"}],"wp:featuredmedia":[{"embeddable":true,"href":"https:\/\/www.uzerk.org\/tr\/wp-json\/wp\/v2\/media\/8856"}],"wp:attachment":[{"href":"https:\/\/www.uzerk.org\/tr\/wp-json\/wp\/v2\/media?parent=8855"}],"wp:term":[{"taxonomy":"category","embeddable":true,"href":"https:\/\/www.uzerk.org\/tr\/wp-json\/wp\/v2\/categories?post=8855"},{"taxonomy":"post_tag","embeddable":true,"href":"https:\/\/www.uzerk.org\/tr\/wp-json\/wp\/v2\/tags?post=8855"}],"curies":[{"name":"wp","href":"https:\/\/api.w.org\/{rel}","templated":true}]}}