{"id":92,"date":"2012-02-02T08:48:16","date_gmt":"2012-02-02T08:48:16","guid":{"rendered":"http:\/\/www.uzxalqharakati.com\/tr\/?p=92"},"modified":"2012-02-02T08:53:36","modified_gmt":"2012-02-02T08:53:36","slug":"92","status":"publish","type":"post","link":"https:\/\/www.uzerk.org\/tr\/92.html","title":{"rendered":"ABD \u00d6zbekistan&#8217;da askeri \u00fcs kurmayacak"},"content":{"rendered":"<table>\n<tbody>\n<tr>\n<td><img loading=\"lazy\" id=\"ctl00_ctl12_imgNews\" class=\"alignleft\" style=\"border-image: initial; margin-left: 5px; margin-right: 5px; border-width: 1px; border-color: black; border-style: solid;\" src=\"http:\/\/www.haberx.com\/resources\/pictures\/C0\/154304\/154304.jpg\" alt=\"\" width=\"168\" height=\"126\" \/>ABD \u00d6zbekistan&#8217;da askeri \u00fcs kurmayacak<br \/>\nABD&#8217;nin \u00d6zbekistan&#8217;da askeri \u00fcs kurma plan\u0131n\u0131n olmad\u0131\u011f\u0131 bildirildi.28.01.2012 12:47<\/p>\n<p>ABD&#8217;nin Ta\u015fkent B\u00fcy\u00fckel\u00e7isi George Krol, d\u00fczenledi\u011fi bas\u0131n toplant\u0131s\u0131nda, \u00fclkesinin \u00d6zbekistan&#8217;da askeri \u00fcs kurma gibi bir plan\u0131n\u0131n olmad\u0131\u011f\u0131n\u0131 kaydetti.<br \/>\nKrol, ABD&#8217;nin \u00d6zbekistan&#8217;\u0131 askeri olmayan y\u00fcklerin Afganistan&#8217;a ula\u015ft\u0131r\u0131lmas\u0131 konusunda \u00f6nemli bir partner olarak g\u00f6rd\u00fc\u011f\u00fcn\u00fc kaydederek, buna ra\u011fmen, \u00fclkesinin \u00d6zbekistan&#8217;da askeri \u00fcs kurma plan\u0131n\u0131n bulunmad\u0131\u011f\u0131n\u0131 belirtti.<br \/>\nAfganistan&#8217;daki askeri teknik malzemelerin Amerikan askeri birliklerinin \u00e7ekilmesinin ard\u0131ndan \u00d6zbekistan&#8217;a verilip verilmeyece\u011fi konusuna da de\u011finen Krol, iki \u00fclke aras\u0131nda bu konuda herhangi bir anla\u015fma olmamas\u0131na ra\u011fmen, bu konunun iki \u00fclke h\u00fck\u00fcmetleri aras\u0131ndaki m\u00fczakerelerin g\u00fcndeminde yer ald\u0131\u011f\u0131n\u0131 dile getirdi.<br \/>\nABD y\u00f6netiminin, May\u0131s 2005&#8217;te Andican&#8217;da meydana gelen olaylarla ilgili olarak uluslararas\u0131 inceleme yap\u0131lmas\u0131n\u0131 talep etmesi \u00fczerine, iki \u00fclke aras\u0131ndaki ili\u015fkiler bozulmu\u015ftu. Bu olay\u0131n ard\u0131ndan \u00fclkedeki bir \u00e7ok Amerikan kurulu\u015funun faaliyetine son verilirken, Afganistan&#8217;daki operasyonlar\u0131 desteklemek \u00fczere \u00d6zbekistan&#8217;a ba\u011fl\u0131 Hanabad&#8217;da kurulan Amerikan askeri \u00fcss\u00fc Kas\u0131m 2005&#8217;te, \u00d6zbek Senatosunun ald\u0131\u011f\u0131 karar \u00e7er\u00e7evesinde kapat\u0131lm\u0131\u015ft\u0131<br \/>\n.<\/td>\n<\/tr>\n<\/tbody>\n<\/table>\n","protected":false},"excerpt":{"rendered":"<p>ABD \u00d6zbekistan&#8217;da askeri \u00fcs kurmayacak ABD&#8217;nin \u00d6zbekistan&#8217;da askeri \u00fcs kurma plan\u0131n\u0131n olmad\u0131\u011f\u0131 bildirildi.28.01.2012 12:47 ABD&#8217;nin Ta\u015fkent B\u00fcy\u00fckel\u00e7isi George Krol, d\u00fczenledi\u011fi bas\u0131n toplant\u0131s\u0131nda, \u00fclkesinin \u00d6zbekistan&#8217;da askeri \u00fcs kurma gibi bir plan\u0131n\u0131n olmad\u0131\u011f\u0131n\u0131 kaydetti. Krol, ABD&#8217;nin \u00d6zbekistan&#8217;\u0131 askeri olmayan y\u00fcklerin Afganistan&#8217;a ula\u015ft\u0131r\u0131lmas\u0131 konusunda \u00f6nemli bir partner olarak g\u00f6rd\u00fc\u011f\u00fcn\u00fc kaydederek, buna ra\u011fmen, \u00fclkesinin \u00d6zbekistan&#8217;da askeri \u00fcs kurma plan\u0131n\u0131n [&hellip;]<\/p>\n","protected":false},"author":12,"featured_media":718,"comment_status":"open","ping_status":"open","sticky":false,"template":"","format":"standard","meta":[],"categories":[1],"tags":[],"_links":{"self":[{"href":"https:\/\/www.uzerk.org\/tr\/wp-json\/wp\/v2\/posts\/92"}],"collection":[{"href":"https:\/\/www.uzerk.org\/tr\/wp-json\/wp\/v2\/posts"}],"about":[{"href":"https:\/\/www.uzerk.org\/tr\/wp-json\/wp\/v2\/types\/post"}],"author":[{"embeddable":true,"href":"https:\/\/www.uzerk.org\/tr\/wp-json\/wp\/v2\/users\/12"}],"replies":[{"embeddable":true,"href":"https:\/\/www.uzerk.org\/tr\/wp-json\/wp\/v2\/comments?post=92"}],"version-history":[{"count":2,"href":"https:\/\/www.uzerk.org\/tr\/wp-json\/wp\/v2\/posts\/92\/revisions"}],"predecessor-version":[{"id":94,"href":"https:\/\/www.uzerk.org\/tr\/wp-json\/wp\/v2\/posts\/92\/revisions\/94"}],"wp:featuredmedia":[{"embeddable":true,"href":"https:\/\/www.uzerk.org\/tr\/wp-json\/wp\/v2\/media\/718"}],"wp:attachment":[{"href":"https:\/\/www.uzerk.org\/tr\/wp-json\/wp\/v2\/media?parent=92"}],"wp:term":[{"taxonomy":"category","embeddable":true,"href":"https:\/\/www.uzerk.org\/tr\/wp-json\/wp\/v2\/categories?post=92"},{"taxonomy":"post_tag","embeddable":true,"href":"https:\/\/www.uzerk.org\/tr\/wp-json\/wp\/v2\/tags?post=92"}],"curies":[{"name":"wp","href":"https:\/\/api.w.org\/{rel}","templated":true}]}}