{"id":95,"date":"2012-02-02T10:01:03","date_gmt":"2012-02-02T10:01:03","guid":{"rendered":"http:\/\/www.uzxalqharakati.com\/tr\/?p=95"},"modified":"2012-02-02T11:52:02","modified_gmt":"2012-02-02T11:52:02","slug":"muhammed-salih-bursada-konustu","status":"publish","type":"post","link":"https:\/\/www.uzerk.org\/tr\/muhammed-salih-bursada-konustu.html","title":{"rendered":"Muhammed Salih Bursa&#8217;da konu\u015ftu!"},"content":{"rendered":"<div><\/div>\n<div><img loading=\"lazy\" style=\"border-image: initial; margin-left: 5px; margin-right: 5px; border-width: 1px; border-color: black; border-style: solid;\" title=\"Muhammed Salih Bursa'da konu\u015ftu!\" src=\"http:\/\/media.dunyabizim.com\/haber\/2012\/02\/01\/dsc-0013.JPG\" alt=\"Muhammed Salih Bursa'da konu\u015ftu!\" width=\"315\" height=\"209\" \/><br \/>\n<small>Muhammed Salih<\/small><\/div>\n<div>\n<div>Birlik Vakf\u0131 Bursa \u015eubesinin Cuma Meclisinde, \u00d6zbek hareketinin s\u00fcrg\u00fcndeki lideri, m\u00fctevekkil ve m\u00fc\u2019min Muhammed Salih konuktu.<\/div>\n<\/div>\n<div>\n<div id=\"news_content\">\n<p>\u00d6zbekistan, M\u00fcsl\u00fcmanlar\u0131n ilim ve tasavvuf merkezlerinden biri&#8230;<\/p>\n<p>\u015e\u00f6yle geriye d\u00f6n\u00fcp bir bakt\u0131\u011f\u0131m\u0131zda, \u00d6zbekistan\u2019\u0131n ve o co\u011frafyada yeti\u015fen alimlerinin sadece d\u00fc\u015f\u00fcnce d\u00fcnyam\u0131z\u0131 de\u011fil, bu d\u00fc\u015f\u00fcncelerin prati\u011fe aktar\u0131lmas\u0131nda da \u00f6nemli g\u00fczergahlardan biri oldu\u011funu g\u00f6r\u00fcyoruz. \u0130mam Tirmizi, \u0130mam Buhari, \u0130mam Maturidi, \u015eah-\u0131 Nak\u015fibend; \u00d6zbekistan k\u00f6kenli bur\u00e7lar\u0131m\u0131zdan baz\u0131lar\u0131. O co\u011frafya, zihin ve inan\u00e7 d\u00fcnyam\u0131z i\u00e7in i\u015fte bu kadar \u00f6nemli bir co\u011frafya.<\/p>\n<p>Birlik Vakf\u0131 Bursa \u015eubesinin Cuma Meclisinde, \u00d6zbek hareketinin s\u00fcrg\u00fcndeki lideri, m\u00fctevekkil ve m\u00fc\u2019min <strong>Muhammed Salih<\/strong> konuktu. Muhammed Salih, aslen bir \u015fair ama \u00f6zg\u00fcrl\u00fck m\u00fccadelesi onu t\u0131pk\u0131 rahmetli Aliya \u0130zzetbegovi\u00e7 gibi bilge bir siyaset\u00e7iye d\u00f6n\u00fc\u015ft\u00fcrm\u00fc\u015f.<\/p>\n<p>Muhammed Salih, aln\u0131nda \u00e7ile \u00e7eken bir co\u011frafyan\u0131n derin \u00e7izgileri ve vakur duru\u015fuyla \u00d6zbekistan\u2019\u0131, T\u00fcrkistan\u2019\u0131 ve Bat\u0131 yan\u0131lsamas\u0131n\u0131 anlatt\u0131 dinleyenlere. Vefal\u0131 e\u015fi de, her zaman oldu\u011fu gibi yine Muhammed Salih\u2019in yan\u0131ndayd\u0131. \u0130kisi birlikte, bir \u00f6zg\u00fcrl\u00fck m\u00fccadelesinin nas\u0131l verilmesi gerekti\u011fini anlat\u0131yordu bizlere o vakur duru\u015flar\u0131yla. \u0130\u015fte Muhammed Salih\u2019in anlatt\u0131klar\u0131:<\/p>\n<p><strong>M\u00fccadelem\u2026<\/strong><\/p>\n<p>Aslen edebiyat\u00e7\u0131y\u0131m ben, \u015fairim\u2026 1970-1990 y\u0131llar\u0131 aras\u0131nda \u00f6zg\u00fcrl\u00fck i\u00e7in kalemimle m\u00fccadele ettim. 1990\u2019dan sonraki m\u00fccadelemi ise siyaset\u00e7i kimli\u011fimle yap\u0131yorum. Edebiyat\u00e7\u0131 kimli\u011fimi, \u00f6zg\u00fcrl\u00fck m\u00fccadelesine feda ettim.<\/p>\n<p>19 y\u0131l oldu s\u00fcrg\u00fcndeyim. Karde\u015flerimi ve baz\u0131 yak\u0131nlar\u0131m\u0131, sadece benim karde\u015fim-yak\u0131n\u0131m olduklar\u0131 i\u00e7in hapse att\u0131lar.<\/p>\n<p>G\u0131yab\u0131mda idam cezas\u0131 verildi, hakk\u0131mda bir s\u00fcr\u00fc hapis karar\u0131 var.<\/p>\n<p><strong>\u00d6zbekistan: T\u00fcrkistan\u2019\u0131n y\u00fcre\u011fi!..<\/strong><\/p>\n<p>T\u00fcrkiye\u2019de Kafkaslara kar\u015f\u0131 \u00e7ok ciddi bir duyarl\u0131l\u0131k olmas\u0131na ra\u011fmen, ayn\u0131 duyarl\u0131l\u0131k \u00d6zbekistan\u2019a kar\u015f\u0131 yok. Oysa \u00d6zbekistan, T\u00fcrkistan\u2019\u0131n y\u00fcre\u011fidir.<\/p>\n<p>\u00d6zbekistan, 1990 y\u0131l\u0131nda ba\u011f\u0131ms\u0131zl\u0131\u011f\u0131n\u0131 ilan etti. Ali Meclis ad\u0131n\u0131 ta\u015f\u0131yan Meclisimizde, ba\u011f\u0131ms\u0131zl\u0131k deklarasyonunu ben sundum. O zamanki Meclisimizde t\u00fcm milletvekilleri kom\u00fcnist idi. Kom\u00fcnist olmayan tek vekil bendim.<\/p>\n<p>Deklarasyonun sunulmas\u0131ndan sonra, \u015fimdiki devlet ba\u015fkan\u0131 olan Kerimov, Ruslar\u0131n korkusundan ka\u00e7t\u0131.<\/p>\n<p>O zamanki parlamentoda, ba\u011f\u0131ms\u0131zl\u0131k yanl\u0131s\u0131 olan 13 ki\u015fiydik ama sonra t\u00fcm Meclis bizi destekledi.<\/p>\n<p><strong>Kerimov\u2019la ili\u015fkiler, cumhurba\u015fkan\u0131 adayl\u0131\u011f\u0131\u2026<\/strong><\/p>\n<p>1991 y\u0131l\u0131nda Kerimov\u2019a kar\u015f\u0131 cumhurba\u015fkan\u0131 aday\u0131 oldum. O zamanlar, Kerimov\u2019u demokratik yollarla yeneriz diye d\u00fc\u015f\u00fcn\u00fcyordum \u00e7\u00fcnk\u00fc kamuoyu benim arkamdayd\u0131. Halk, Kerimov\u2019u tan\u0131yor, onun yolsuzluklara ne kadar bula\u015ft\u0131\u011f\u0131n\u0131 biliyordu. Se\u00e7im sonu\u00e7lar\u0131 devletin yay\u0131n organlar\u0131nda ilan edildi\u011finde, benim % 33 oy ald\u0131\u011f\u0131m s\u00f6ylendi ama d\u00f6rt saat i\u00e7inde haber merkezi m\u00fcd\u00fcr\u00fc g\u00f6revden al\u0131nd\u0131 ve sonra da benim oyumun yanl\u0131\u015f ilan edildi\u011fi s\u00f6ylenip % 12 oldu\u011fu a\u00e7\u0131kland\u0131.<\/p>\n<p><strong>Albay ne anlatt\u0131?<\/strong><\/p>\n<p>Se\u00e7imlerden 1.5 y\u0131l sonra, s\u00fcrg\u00fcn\u00fcm\u00fcn arifesinde, bir albay bana se\u00e7imlerdeki ger\u00e7ek oyumun % 52 oldu\u011funu ve bu oy oran\u0131na ula\u015ft\u0131\u011f\u0131m i\u00e7in de Kerimov\u2019un beni sa\u011f b\u0131rakmayaca\u011f\u0131n\u0131 s\u00f6yledi. Bu duyumdan sonra \u00fclkeyi terk ettim. B\u00f6ylelikle 93 May\u0131s\u0131 itibar\u0131yla s\u00fcrg\u00fcn hayat\u0131m ba\u015flad\u0131.<\/p>\n<p>S\u00fcrg\u00fcnde ilk olarak rahmetli El\u00e7ibey ile bulu\u015ftuk. Rahmetli \u00d6zal ile g\u00f6r\u00fc\u015fmek i\u00e7in randevu ald\u0131k ama g\u00f6r\u00fc\u015fmeye rahmetli \u00d6zal\u2019\u0131n \u00f6mr\u00fc yetmedi.<\/p>\n<p>\u00d6zal\u2019\u0131n \u00f6l\u00fcm\u00fc i\u00e7in suikast diyorlar. E\u011fer suikastsa, bu suikastta rahmetli \u00d6zal\u2019\u0131n T\u00fcrk d\u00fcnyas\u0131 ile ilgili d\u00fc\u015f\u00fcncelerinin de rol ald\u0131\u011f\u0131n\u0131 d\u00fc\u015f\u00fcn\u00fcyorum.<\/p>\n<p><strong>Demokratik Forum ve Kerimov\u2019un stratejisi<\/strong><\/p>\n<p>1990 y\u0131l\u0131nda yap\u0131lan se\u00e7imlerde, halk\u0131n bizim yan\u0131m\u0131zda oldu\u011fu anla\u015f\u0131l\u0131nca, Kerimov bundan \u00fcrkt\u00fc. Bu arada biz de t\u00fcm muhalefeti \u201cDemokratik Forum\u201d platformu ad\u0131 alt\u0131nda bir araya toplad\u0131k. Bu olu\u015fumdan iyice \u00fcrken Kerimov, beni yan\u0131na \u00e7a\u011f\u0131rd\u0131 ve bana ba\u015fkan yard\u0131mc\u0131l\u0131\u011f\u0131 dahil, \u00e7e\u015fitli makamlar teklif etti. Ben t\u00fcm makamlar\u0131 reddettim, muhalafet yapma iste\u011fimi ifade ettim. Ama Kerimov bunu kabul etmedi ve bana bir hafta s\u00fcre verdi. Bir hafta sonra da gazetelerimiz kapanmaya, bizi destekleyenler de y\u0131ld\u0131r\u0131lmaya ba\u015fland\u0131.<\/p>\n<p>1993 y\u0131l\u0131 Nisan ay\u0131nda da beni tutuklay\u0131p hapse att\u0131lar. Ama kamuoyu bask\u0131s\u0131 o kadar fazla oldu ki beni uzun s\u00fcre hapiste tutamad\u0131lar. \u00d6nce ev hapsine ald\u0131lar. Ev hapsindeyken de dostlar\u0131m beni yaln\u0131z b\u0131rakmad\u0131, ev hapsinden ald\u0131lar beni.<\/p>\n<p>Sonra da rahmetli El\u00e7ibey\u2019in yan\u0131na ge\u00e7tik zaten.<\/p>\n<p><strong>Arap Bahar\u0131 neyi me\u015fru k\u0131ld\u0131?<\/strong><\/p>\n<p>Arap Bahar\u0131, bizim i\u00e7in yeni bir ufuktur. Arap Bahar\u0131, diktat\u00f6rl\u00fcklerle m\u00fccadelenin ba\u015far\u0131l\u0131 olabilece\u011fini g\u00f6stermesi a\u00e7\u0131s\u0131ndan bir e\u015fiktir. Bug\u00fcne kadar biz Kerimov diktat\u00f6rl\u00fc\u011f\u00fcne kar\u015f\u0131 hep demokratik m\u00fccadeleyi benimsedik. Oysa Arap Bahar\u0131, silahl\u0131 m\u00fccadelenin de me\u015fru olabilece\u011fini ilan etmi\u015ftir. Bizim Kerimov\u2019a kar\u015f\u0131 m\u00fccadelemiz hep \u201cfundamantalizm\u201d olarak nitelenip de\u011fersizle\u015ftirilmeye \u00e7al\u0131\u015f\u0131lm\u0131\u015ft\u0131r. Ama art\u0131k Kerimov diktat\u00f6rl\u00fc\u011f\u00fc ve Bat\u0131 d\u00fcnyas\u0131 bizi bu \u015fekilde t\u00f6hmet alt\u0131nda b\u0131rakamayacakt\u0131r.<\/p>\n<p>Arap Bahar\u0131\u2019n\u0131n etkisiyle harekete ge\u00e7en dinamikler dolay\u0131s\u0131yla \u00f6n\u00fcm\u00fczdeki birka\u00e7 y\u0131l i\u00e7inde T\u00fcrki cumhuriyetlerde \u00f6nemli de\u011fi\u015fiklikler olmas\u0131n\u0131 bekliyoruz.<\/p>\n<p><strong>Bat\u0131 ama hangi Bat\u0131?<\/strong><\/p>\n<p>\u015eunu kabul etmeliyiz ki biz, Gorba\u00e7ov\u2019un perestroykas\u0131 d\u00f6neminde Bat\u0131\u2019dan \u00e7ok \u015fey umduk, bekledik. Ama g\u00f6rd\u00fck ki d\u00fcnya, s\u0131rf M\u00fcsl\u00fcman\u0131z diye bize kay\u0131ts\u0131z kald\u0131. O d\u00f6nem Gorba\u00e7ov taraf\u0131ndan \u00fczerimize yap\u0131\u015ft\u0131r\u0131lan fundamantalist yaftas\u0131, ba\u015fka \u00fclkeler taraf\u0131ndan da kullan\u0131l\u0131r oldu ama en \u00e7ok kullanan da Kerimov\u2019dur.<\/p>\n<p>Sovyet zulm\u00fc alt\u0131ndayken demokratik g\u00f6r\u00fcnen Bat\u0131\u2019ya kar\u015f\u0131 \u00e7ok sempatimiz vard\u0131. Ama \u015funu yak\u0131c\u0131 bir \u015fekilde anlad\u0131k ki, M\u00fcsl\u00fcmanlar s\u00f6z konusu oldu\u011funda Bat\u0131 iki y\u00fczl\u00fc davran\u0131yor.<\/p>\n<p><strong>\u201cAdriyatik\u2019ten \u00c7in Seddi\u2019ne kadar\u201d<\/strong><\/p>\n<p>\u0130\u015fin ger\u00e7e\u011fi bu: Ger\u00e7ekten de Adriyatik\u2019ten \u00c7in Seddi\u2019ne kadar bir T\u00fcrk d\u00fcnyas\u0131 var. Bu d\u00fcnyada, sadece T\u00fcrk\u00e7e bilerek dola\u015f\u0131p gezmeniz m\u00fcmk\u00fcn.<\/p>\n<p>Ama T\u00fcrkiye\u2019de, Say\u0131n Demirel ba\u015fta olmak \u00fczere baz\u0131 siyaset\u00e7iler bu ifadenin i\u00e7ini bo\u015faltt\u0131lar. Yoksa o d\u00fcnyada \u201cAdriyatik\u2019ten \u00c7in Seddi\u2019ne kadar bir olmak\u201d diye ifadelendirilebilecek bir beraberli\u011fin halklar kat\u0131nda d\u00fc\u015f\u00fcnsel altyap\u0131s\u0131 h\u00e2l\u00e2 var.<\/p>\n<p>Ger\u00e7i \u201ctek devlet, tek bayrak\u201d olarak bir araya gelmek m\u00fcmk\u00fcn ve gerekli mi, o ba\u015fka konu. Bu birliktelik, de\u011fi\u015fik T\u00fcrk devletlerinin olu\u015fturaca\u011f\u0131 bir birlik de olabilir. Ama b\u00f6yle bir birlikteli\u011fin olmas\u0131 i\u00e7in zihinlerde altyap\u0131 haz\u0131r. \u0130\u015fin do\u011frusu, biz gelecekten umutluyuz.<\/p>\n<p><strong>Asimilasyon politikas\u0131 ba\u015far\u0131l\u0131 oldu mu?<\/strong><\/p>\n<p>Sovyetlerin asimilasyon politikas\u0131 K\u0131rg\u0131zistan ve Kazakistan\u2019da etkili oldu. Fakat \u00d6zbekistan i\u00e7in o kadar b\u00fcy\u00fck bir etkiden s\u00f6z edilemez. Ama \u015fu son zamanlarda K\u0131rg\u0131zistan ve Kazakistan\u2019da da uyan\u0131\u015f ba\u015flad\u0131.<\/p>\n<p>G\u00fcn\u00fcm\u00fcz T\u00fcrki cumhuriyetlerine bakt\u0131\u011f\u0131m\u0131z zaman bunlar\u0131n aras\u0131nda ciddi bir yak\u0131nl\u0131k olmad\u0131\u011f\u0131n\u0131 g\u00f6r\u00fcr\u00fcz. Bunun sebebi, \u201cK\u0131rg\u0131zc\u0131l\u0131k, Kazak\u00e7\u0131l\u0131k vb.\u201d \u015feklinde adland\u0131rabilece\u011fimiz ak\u0131md\u0131r.<\/p>\n<p><strong>T\u00fcrkiye\u2019yle ili\u015fkiler<\/strong><\/p>\n<p>Bug\u00fcnk\u00fc h\u00fck\u00fcmet bana kar\u015f\u0131 sempatiyle bak\u0131yor, beni manevi olarak destekliyor.<\/p>\n<p>Bazen T\u00fcrk h\u00fck\u00fcmetleri beni s\u0131n\u0131r d\u0131\u015f\u0131 etmi\u015f olsa da, k\u00fcsk\u00fcn de\u011filim.<\/p>\n<p>S\u00f6zgelimi, Mesut Y\u0131lmaz zaman\u0131nda T\u00fcrkiye\u2019ye giri\u015fim yasakt\u0131. T\u00fcrk h\u00fck\u00fcmeti, beni s\u0131n\u0131rd\u0131\u015f\u0131 ederek Kerimov ile ili\u015fkilerinin iyi olaca\u011f\u0131n\u0131 d\u00fc\u015f\u00fcnm\u00fc\u015ft\u00fc ama beni s\u0131n\u0131r d\u0131\u015f\u0131 etmeleri, ili\u015fkilerin iyile\u015fmesini sa\u011flamad\u0131. \u00c7\u00fcnk\u00fc sorun, bizzat Kerimov\u2019un kendisi.<\/p>\n<p><strong>Beni kar\u015f\u0131layanlar\u2026<\/strong><\/p>\n<p>D\u00fcnyan\u0131n neresine gittiysem beni \u00d6zbek T\u00fcrk\u2019\u00fc de\u011fil, T\u00fcrkiye T\u00fcrk\u2019\u00fc kar\u015f\u0131lad\u0131. \u015euras\u0131 kesin ki T\u00fcrk d\u00fcnyas\u0131n\u0131n merkezinde T\u00fcrkiye var, Anadolu T\u00fcrk\u2019\u00fc var.<\/p>\n<p>Ben Avrupa\u2019dayken s\u0131la hasreti \u00e7ekti\u011fimde, Ta\u015fkent\u2019e gidemesem bile \u0130stanbul\u2019a giderim diye kendimi teselli ederdim.<\/p>\n<p><strong>T\u00fcm bu olanlar\u0131n sebebi ne?<\/strong><\/p>\n<p>Ben b\u00fct\u00fcn geli\u015fmeleri maneviyata ba\u011fl\u0131yorum. Biz manevi olarak zay\u0131f olduk\u00e7a ba\u015f\u0131m\u0131zda Kerimov gibiler olacak. Biz Kerimov\u2019a m\u00fcstehak\u0131z ki 22 y\u0131ld\u0131r Kerimov taraf\u0131ndan y\u00f6netiliyoruz. Bu bizim zay\u0131fl\u0131\u011f\u0131m\u0131zd\u0131r. Bilinmeli ki \u00f6nce maneviyat\u0131m\u0131z\u0131 d\u00fczeltmeliyiz. Maneviyat d\u00fczelince her \u015fey d\u00fczelir.<\/p>\n<p>\u015eimdi \u015funu g\u00f6r\u00fcyorum: Bat\u0131\u2019y\u0131 tan\u0131d\u0131k\u00e7a kendi k\u00fclt\u00fcr\u00fcm\u00fcn de\u011feri art\u0131yor g\u00f6z\u00fcmde. \u015eu son y\u0131llarda hep maneviyatla ilgili eserler okuyorum. Okuduk\u00e7a ve Bat\u0131\u2019y\u0131 tan\u0131d\u0131k\u00e7a g\u00f6r\u00fcyorum ki Bat\u0131, asl\u0131nda bizim g\u00f6lgemiz.<\/p>\n<p><strong>Demokrasiye kar\u015f\u0131 hukuk devleti\u2026<\/strong><\/p>\n<p>Bat\u0131n\u0131n bize dayatt\u0131\u011f\u0131 demokrasi, bizim demokrasiden beklediklerimizle uyu\u015fmuyor. G\u00fcn\u00fcm\u00fczde demokrasinin kendisi ve demokrasi kavram\u0131 \u00e7ok y\u0131prand\u0131. Biz y\u00f6netime gelirsek e\u011fer, kuraca\u011f\u0131m\u0131z sistemin ad\u0131 \u201cHukuk Devleti\u201d olacak.<\/p>\n<p><strong>Beklentilerimiz\u2026<\/strong><\/p>\n<p>\u0130\u015fin asl\u0131 \u015fu ki, bizim bir \u015feyler umaca\u011f\u0131m\u0131z M\u00fcsl\u00fcman devletler de peri\u015fan haldeler. Beklentimizin en y\u00fcksek oldu\u011fu \u00fclke ise T\u00fcrkiye. \u00c7\u00fcnk\u00fc T\u00fcrkiye ger\u00e7ekten medeni, samimi ve bizim davam\u0131z\u0131 da anlay\u0131p sempati duyuyor.<\/p>\n<p>&nbsp;<\/p>\n<p><strong>Ahmet Serin, <\/strong>h\u00fcz\u00fcnlenerek yazd\u0131<\/p>\n<\/div>\n<\/div>\n","protected":false},"excerpt":{"rendered":"<p>Muhammed Salih Birlik Vakf\u0131 Bursa \u015eubesinin Cuma Meclisinde, \u00d6zbek hareketinin s\u00fcrg\u00fcndeki lideri, m\u00fctevekkil ve m\u00fc\u2019min Muhammed Salih konuktu. \u00d6zbekistan, M\u00fcsl\u00fcmanlar\u0131n ilim ve tasavvuf merkezlerinden biri&#8230; \u015e\u00f6yle geriye d\u00f6n\u00fcp bir bakt\u0131\u011f\u0131m\u0131zda, \u00d6zbekistan\u2019\u0131n ve o co\u011frafyada yeti\u015fen alimlerinin sadece d\u00fc\u015f\u00fcnce d\u00fcnyam\u0131z\u0131 de\u011fil, bu d\u00fc\u015f\u00fcncelerin prati\u011fe aktar\u0131lmas\u0131nda da \u00f6nemli g\u00fczergahlardan biri oldu\u011funu g\u00f6r\u00fcyoruz. \u0130mam Tirmizi, \u0130mam Buhari, \u0130mam [&hellip;]<\/p>\n","protected":false},"author":12,"featured_media":720,"comment_status":"open","ping_status":"open","sticky":false,"template":"","format":"standard","meta":[],"categories":[1,3],"tags":[],"_links":{"self":[{"href":"https:\/\/www.uzerk.org\/tr\/wp-json\/wp\/v2\/posts\/95"}],"collection":[{"href":"https:\/\/www.uzerk.org\/tr\/wp-json\/wp\/v2\/posts"}],"about":[{"href":"https:\/\/www.uzerk.org\/tr\/wp-json\/wp\/v2\/types\/post"}],"author":[{"embeddable":true,"href":"https:\/\/www.uzerk.org\/tr\/wp-json\/wp\/v2\/users\/12"}],"replies":[{"embeddable":true,"href":"https:\/\/www.uzerk.org\/tr\/wp-json\/wp\/v2\/comments?post=95"}],"version-history":[{"count":5,"href":"https:\/\/www.uzerk.org\/tr\/wp-json\/wp\/v2\/posts\/95\/revisions"}],"predecessor-version":[{"id":97,"href":"https:\/\/www.uzerk.org\/tr\/wp-json\/wp\/v2\/posts\/95\/revisions\/97"}],"wp:featuredmedia":[{"embeddable":true,"href":"https:\/\/www.uzerk.org\/tr\/wp-json\/wp\/v2\/media\/720"}],"wp:attachment":[{"href":"https:\/\/www.uzerk.org\/tr\/wp-json\/wp\/v2\/media?parent=95"}],"wp:term":[{"taxonomy":"category","embeddable":true,"href":"https:\/\/www.uzerk.org\/tr\/wp-json\/wp\/v2\/categories?post=95"},{"taxonomy":"post_tag","embeddable":true,"href":"https:\/\/www.uzerk.org\/tr\/wp-json\/wp\/v2\/tags?post=95"}],"curies":[{"name":"wp","href":"https:\/\/api.w.org\/{rel}","templated":true}]}}